{"id":10769,"date":"2008-03-05T00:00:00","date_gmt":"2008-03-04T22:00:00","guid":{"rendered":"http:\/\/www.bio-based.eu\/news\/index.php?startid=20080305-11n"},"modified":"2008-03-05T00:00:00","modified_gmt":"2008-03-04T22:00:00","slug":"holundertrester-pflegt-kurgaeste-in-der-steiermark","status":"publish","type":"post","link":"https:\/\/renewable-carbon.eu\/news\/holundertrester-pflegt-kurgaeste-in-der-steiermark\/","title":{"rendered":"Holundertrester pflegt Kurg\u00e4ste in der Steiermark"},"content":{"rendered":"<p><b>In den Jahren 2006 und 2007 wurde von einem Team der <a href=\"http:\/\/www.joanneum.at\/\" >Johanneum Research Forschungsgesellschaft mbH<\/a> unter der Leitung von Dr. Herbert B\u00f6chzelt, in Zusammenarbeit mit Gesundheitsspezialisten der Steirischen Thermen (Parktherme Bad Radkersburg, Kurhaus Bad Gleichenberg, Therme Loipersdorf, Rogner Bad Blumau, Heiltherme Bad Waltersdorf) und dem Verein <a href=\"http:\/\/www.thermenland.at\/\" >Steirisches Thermenland<\/a> die ersten beiden Produkte einer neuen, auf Holunder\u00f6l und -trester basierenden, Naturkosmetiklinie entwickelt. Die Kombination aus regionalbezogener Forschung und Entwicklung machte es m\u00f6glich, eine in der Steiermark wachsende Pflanze als Rohstoff f\u00fcr eine einzigartige Naturkosmetiklinie zu &#8220;entdecken&#8221;.<\/b><\/p>\n<p>Der schwarze Holunder (Sambucus nigra L.) z\u00e4hlt zu den \u00e4ltesten Naturheilpflanzen. Bereits im Mittelalter wurden aus Holunder zahlreiche Heilmittel hergestellt. In j\u00fcngster Zeit besch\u00e4ftigt sich auch die Pharmazie intensiv mit dem Holunder und dessen medizinischer  Wirkung. In der Kosmetik wurden bisher vor allem Ausz\u00fcge aus den Holunderbl\u00fcten verwendet. &#8220;Styria Sambucus&#8221; Produkte enthalten jedoch wertvolles Holundersamen\u00f6l und Tresterwirkstoffe wie zum Beispiel hochwertige Antioxidantien.<\/p>\n<p>Einzigartig bei diesen Pflegeprodukten ist, dass die wertgebenden Rohstoffe aus einem hochwertigen Nebenprodukt der Holundersaftproduktion, dem Holundertrester, gewonnen werden. Der bei Steirischen Betrieben getrocknete und fein gemahlene Holundertrester wird, unter anderem mit steirischem Vulkangesteinsmehl und Wasser vermengt, als hochwertige K\u00f6rperpackung eingesetzt. Das Holunder\u00f6l wird aus den Samen, die zuvor aus dem getrockneten Trester herausgereinigt wurden, kaltgepresst gewonnen. Es kann direkt als Massage\u00f6l, oder mit etwas Wasser vermengt, als K\u00f6rperpflege\u00f6l verwendet werden.<\/p>\n","protected":false},"excerpt":{"rendered":"<p><b>In den Jahren 2006 und 2007 wurde von einem Team der Johanneum Research Forschungsgesellschaft mbH unter der Leitung von Dr. Herbert B&ouml;chzelt, in Zusammenarbeit mit<\/b><\/p>\n","protected":false},"author":3,"featured_media":0,"comment_status":"closed","ping_status":"closed","sticky":false,"template":"","format":"standard","meta":{"_seopress_robots_primary_cat":"","nova_meta_subtitle":"","footnotes":""},"categories":[5572],"tags":[],"supplier":[],"class_list":["post-10769","post","type-post","status-publish","format-standard","hentry","category-bio-based"],"_links":{"self":[{"href":"https:\/\/renewable-carbon.eu\/news\/wp-json\/wp\/v2\/posts\/10769","targetHints":{"allow":["GET"]}}],"collection":[{"href":"https:\/\/renewable-carbon.eu\/news\/wp-json\/wp\/v2\/posts"}],"about":[{"href":"https:\/\/renewable-carbon.eu\/news\/wp-json\/wp\/v2\/types\/post"}],"author":[{"embeddable":true,"href":"https:\/\/renewable-carbon.eu\/news\/wp-json\/wp\/v2\/users\/3"}],"replies":[{"embeddable":true,"href":"https:\/\/renewable-carbon.eu\/news\/wp-json\/wp\/v2\/comments?post=10769"}],"version-history":[{"count":0,"href":"https:\/\/renewable-carbon.eu\/news\/wp-json\/wp\/v2\/posts\/10769\/revisions"}],"wp:attachment":[{"href":"https:\/\/renewable-carbon.eu\/news\/wp-json\/wp\/v2\/media?parent=10769"}],"wp:term":[{"taxonomy":"category","embeddable":true,"href":"https:\/\/renewable-carbon.eu\/news\/wp-json\/wp\/v2\/categories?post=10769"},{"taxonomy":"post_tag","embeddable":true,"href":"https:\/\/renewable-carbon.eu\/news\/wp-json\/wp\/v2\/tags?post=10769"},{"taxonomy":"supplier","embeddable":true,"href":"https:\/\/renewable-carbon.eu\/news\/wp-json\/wp\/v2\/supplier?post=10769"}],"curies":[{"name":"wp","href":"https:\/\/api.w.org\/{rel}","templated":true}]}}