{"id":10752,"date":"2008-03-12T00:00:00","date_gmt":"2008-03-11T22:00:00","guid":{"rendered":"http:\/\/www.bio-based.eu\/news\/index.php?startid=20080312-10n"},"modified":"2008-03-12T00:00:00","modified_gmt":"2008-03-11T22:00:00","slug":"verordnung-zur-foerderung-der-biogaseinspeisung-verabschiedet","status":"publish","type":"post","link":"https:\/\/renewable-carbon.eu\/news\/verordnung-zur-foerderung-der-biogaseinspeisung-verabschiedet\/","title":{"rendered":"Verordnung zur F\u00f6rderung der Biogaseinspeisung verabschiedet"},"content":{"rendered":"<p><b>Nach Befassung des Bundesrates hat das Bundeskabinett heute die vom Bundesministerium f\u00fcr Wirtschaft und Technologie (<a href=\"http:\/\/www.bmwi.de\/\" >BMWi<\/a>) erarbeitete Verordnung zur F\u00f6rderung der Biogaseinspeisung in das bestehende Erdgasnetz endg\u00fcltig verabschiedet. Die Verordnung ist eine wichtige Weichenstellung f\u00fcr eine vorrangige und kosteng\u00fcnstige Einspeisung von Biogas in das Erdgasnetz.<\/b><\/p>\n<p>Der Bundesminister f\u00fcr Wirtschaft und Technologie, Michael Glos: &#8220;Mit der jetzt verabschiedeten Verordnung wird die bundesweite Vermarktung des dezentral erzeugten und eingespeisten Biogases gef\u00f6rdert. Wir bereiten damit den Weg f\u00fcr unser Ziel, bis 2030 rund 10% des heutigen Erdgasverbrauchs durch Biogas zu decken. Damit wird ein wichtiger Beitrag zum Klimaschutz geleistet. Mit Biogas kann zudem unsere Abh\u00e4ngigkeit von ausl\u00e4ndischen Gaslieferungen verringert und damit ein wesentlicher Beitrag zur Gasversorgungssicherheit in Deutschland geleistet werden.&#8221;<\/p>\n<p>Die Produktion und Einspeisung von Biogas in das Erdgasnetz stellt eine rein inl\u00e4ndische Wertsch\u00f6pfungskette dar. Bundesminister Glos weiter: &#8220;Damit werden in Deutschland neue Arbeitspl\u00e4tze geschaffen und der l\u00e4ndliche Raum gest\u00e4rkt. Die F\u00f6rderung der Biogaseinspeisung in das Erdgasnetz wird Impulse f\u00fcr die Entwicklung innovativer Anlagentechnik geben. Dies er\u00f6ffnet Exportchancen f\u00fcr die deutsche Wirtschaft. Deutschland kann damit zum Spitzenreiter f\u00fcr die zukunftstr\u00e4chtige Biogaserzeugungsanlagentechnik werden.&#8221;<\/p>\n<p>(Vgl. Meldungen vom <a href=\"https:\/\/renewable-carbon.eu\/news\/nova-bericht-boersen-absteiger-biogas-sucht-umsatz\/\" >2008-03-10<\/a>, <a href=\"https:\/\/renewable-carbon.eu\/news\/bundesrat-fordert-vorrang-fuer-biogaseinspeisung\/\" >2007-12-03<\/a> und <a href=\"https:\/\/renewable-carbon.eu\/news\/aktueller-stand-der-einspeisung-von-bioerdgas-in-deutschland\/\" >2007-07-27<\/a>.)<\/p>\n","protected":false},"excerpt":{"rendered":"<p><b>Nach Befassung des Bundesrates hat das Bundeskabinett heute die vom Bundesministerium f&uuml;r Wirtschaft und Technologie (BMWi) erarbeitete Verordnung zur F&ouml;rderung der Biogaseinspeisung in das bestehende<\/b><\/p>\n","protected":false},"author":3,"featured_media":0,"comment_status":"closed","ping_status":"closed","sticky":false,"template":"","format":"standard","meta":{"_seopress_robots_primary_cat":"","nova_meta_subtitle":"","footnotes":""},"categories":[5572],"tags":[],"supplier":[],"class_list":["post-10752","post","type-post","status-publish","format-standard","hentry","category-bio-based"],"_links":{"self":[{"href":"https:\/\/renewable-carbon.eu\/news\/wp-json\/wp\/v2\/posts\/10752","targetHints":{"allow":["GET"]}}],"collection":[{"href":"https:\/\/renewable-carbon.eu\/news\/wp-json\/wp\/v2\/posts"}],"about":[{"href":"https:\/\/renewable-carbon.eu\/news\/wp-json\/wp\/v2\/types\/post"}],"author":[{"embeddable":true,"href":"https:\/\/renewable-carbon.eu\/news\/wp-json\/wp\/v2\/users\/3"}],"replies":[{"embeddable":true,"href":"https:\/\/renewable-carbon.eu\/news\/wp-json\/wp\/v2\/comments?post=10752"}],"version-history":[{"count":0,"href":"https:\/\/renewable-carbon.eu\/news\/wp-json\/wp\/v2\/posts\/10752\/revisions"}],"wp:attachment":[{"href":"https:\/\/renewable-carbon.eu\/news\/wp-json\/wp\/v2\/media?parent=10752"}],"wp:term":[{"taxonomy":"category","embeddable":true,"href":"https:\/\/renewable-carbon.eu\/news\/wp-json\/wp\/v2\/categories?post=10752"},{"taxonomy":"post_tag","embeddable":true,"href":"https:\/\/renewable-carbon.eu\/news\/wp-json\/wp\/v2\/tags?post=10752"},{"taxonomy":"supplier","embeddable":true,"href":"https:\/\/renewable-carbon.eu\/news\/wp-json\/wp\/v2\/supplier?post=10752"}],"curies":[{"name":"wp","href":"https:\/\/api.w.org\/{rel}","templated":true}]}}