{"id":10720,"date":"2008-03-31T00:00:00","date_gmt":"2008-03-30T22:00:00","guid":{"rendered":"http:\/\/www.bio-based.eu\/news\/index.php?startid=20080331-03n"},"modified":"2008-03-31T00:00:00","modified_gmt":"2008-03-30T22:00:00","slug":"raps-fuer-oesterreich-kooperation-mit-rumaenischen-landwirten-geplant","status":"publish","type":"post","link":"https:\/\/renewable-carbon.eu\/news\/raps-fuer-oesterreich-kooperation-mit-rumaenischen-landwirten-geplant\/","title":{"rendered":"Raps f\u00fcr \u00d6sterreich: Kooperation mit rum\u00e4nischen Landwirten geplant"},"content":{"rendered":"<p><b>Wie die \u00f6sterreichische Presseagentur <a href=\"http:\/\/www.apa-defacto.at\/\" >APA<\/a> mitteilt, startet die Raiffeisenlandesbank (<a href=\"http:\/\/www.rlbooe.at\/\" >RLB<\/a>) Ober\u00f6sterreich mit ihren T\u00f6chtern den Energiepflanzenanbau in Rum\u00e4nien. Das k\u00fcndigte RLB-Generaldirektor Ludwig Scharinger auf einer Pressekonferenz Samstabend in Geinberg an.<\/b><\/p>\n<p>Scharinger verwies darauf, dass die Biodieselanlage in Enns Raps\u00f6l ben\u00f6tige, das in \u00d6sterreich nicht in ausreichender Menge vorhanden sei. Nach den Vorgaben f\u00fcr die Treibstoffbeimischung w\u00fcrden in \u00d6sterreich 400.000 Tonnen Biodiesel ben\u00f6tigt &#8211; rund das zehnfache der im Inland zur Verf\u00fcgung stehenden Menge. <\/p>\n<p>In Rum\u00e4nien l\u00e4gen hingegen rund 1,8 Mio. Hektar brach, so der RLB-Generaldirektor. Das Land werde den fr\u00fcheren Grundbesitzern zur\u00fcckgegeben, die aber inzwischen die Landwirtschaft verlernt h\u00e4tten. Deshalb wollen RLB-T\u00f6chter mit Landwirten in Rum\u00e4nien &#8211; darunter auch \u00f6sterreichischen &#8211; kooperieren und ihnen Investitionen erm\u00f6glichen, die mit der Ernte wieder zur\u00fcckbezahlt werden sollen. Das Raps\u00f6l soll nach Enns gebracht werden. <\/p>\n<p>Rum\u00e4nien habe den Vorteil, dass dort EU-Recht gelte &#8211; im Gegensatz zu S\u00fcdrussland oder der Ukraine, wo der Rapsanbau ebenfalls m\u00f6glich sei, jedoch keine Exportgarantien gegeben wurden. Scharinger verwies darauf, dass die Ukraine schon wegen Eigenbedarfs eine Exportsperre verh\u00e4ngt habe.<\/p>\n<p>Wie der RLB-Pressesprecher Michael Huber dem Nachrichten-Portal mitteilte, bezieht sich das Engagement der RLB ausschlie\u00dflich auf den Rapsanbau. Dabei werde den Landwirten unter anderem das Saatgut in den ben\u00f6tigten Sorten zur Verf\u00fcgung gestellt. <\/p>\n<p>(Vgl. Meldungen vom <a href=\"https:\/\/renewable-carbon.eu\/news\/erstes-rumaenisches-biodiesel-werk-eroeffnet\/\" >2007-08-01<\/a>, <a href=\"https:\/\/renewable-carbon.eu\/news\/oesterreich-flaechenressourcen-fuer-bioenergie\/\" >2007-06-04<\/a> und <a href=\"https:\/\/renewable-carbon.eu\/news\/zmp-eu-rapsflaeche-2007-auf-rekordhoehe\/\" >2007-05-05<\/a>.)<\/p>\n","protected":false},"excerpt":{"rendered":"<p><b>Wie die &ouml;sterreichische Presseagentur APA mitteilt, startet die Raiffeisenlandesbank (RLB) Ober&ouml;sterreich mit ihren T&ouml;chtern den Energiepflanzenanbau in Rum&auml;nien. Das k&uuml;ndigte RLB-Generaldirektor Ludwig Scharinger auf einer<\/b><\/p>\n","protected":false},"author":3,"featured_media":0,"comment_status":"closed","ping_status":"closed","sticky":false,"template":"","format":"standard","meta":{"_seopress_robots_primary_cat":"","nova_meta_subtitle":"","footnotes":""},"categories":[5572],"tags":[],"supplier":[],"class_list":["post-10720","post","type-post","status-publish","format-standard","hentry","category-bio-based"],"_links":{"self":[{"href":"https:\/\/renewable-carbon.eu\/news\/wp-json\/wp\/v2\/posts\/10720","targetHints":{"allow":["GET"]}}],"collection":[{"href":"https:\/\/renewable-carbon.eu\/news\/wp-json\/wp\/v2\/posts"}],"about":[{"href":"https:\/\/renewable-carbon.eu\/news\/wp-json\/wp\/v2\/types\/post"}],"author":[{"embeddable":true,"href":"https:\/\/renewable-carbon.eu\/news\/wp-json\/wp\/v2\/users\/3"}],"replies":[{"embeddable":true,"href":"https:\/\/renewable-carbon.eu\/news\/wp-json\/wp\/v2\/comments?post=10720"}],"version-history":[{"count":0,"href":"https:\/\/renewable-carbon.eu\/news\/wp-json\/wp\/v2\/posts\/10720\/revisions"}],"wp:attachment":[{"href":"https:\/\/renewable-carbon.eu\/news\/wp-json\/wp\/v2\/media?parent=10720"}],"wp:term":[{"taxonomy":"category","embeddable":true,"href":"https:\/\/renewable-carbon.eu\/news\/wp-json\/wp\/v2\/categories?post=10720"},{"taxonomy":"post_tag","embeddable":true,"href":"https:\/\/renewable-carbon.eu\/news\/wp-json\/wp\/v2\/tags?post=10720"},{"taxonomy":"supplier","embeddable":true,"href":"https:\/\/renewable-carbon.eu\/news\/wp-json\/wp\/v2\/supplier?post=10720"}],"curies":[{"name":"wp","href":"https:\/\/api.w.org\/{rel}","templated":true}]}}