{"id":10718,"date":"2008-04-01T00:00:00","date_gmt":"2008-03-31T22:00:00","guid":{"rendered":"http:\/\/www.bio-based.eu\/news\/index.php?startid=20080401-05n"},"modified":"2008-04-01T00:00:00","modified_gmt":"2008-03-31T22:00:00","slug":"vogtland-faser-frischer-wind-fuer-hanf","status":"publish","type":"post","link":"https:\/\/renewable-carbon.eu\/news\/vogtland-faser-frischer-wind-fuer-hanf\/","title":{"rendered":"Vogtland Faser: Frischer Wind f\u00fcr Hanf"},"content":{"rendered":"<p><b>Ab Herbst 2008 sollen auf dem Gel\u00e4nde einer ehemaligen Schweinezuchtanlage in L\u00e4witz (Landkreis Greiz\/Th\u00fcringen) Hanffasern verarbeitet werden. Wie die <a href=\"http:\/\/www.otz.de\/\" >Ostth\u00fcringer Zeitung<\/a> berichtete, k\u00fcndigte Dr. Albrecht Bro\u00dfmann, Gesch\u00e4ftsf\u00fchrer der Agrargesellschaft <a href=\"http:\/\/www.pahren-agrar.de\/\" >Pahren Agrar<\/a> bei einem Besuch des Th\u00fcringer Ministerpr\u00e4sidenten Dieter Althaus eine Investition von rund 1,3 Millionen Euro an, f\u00fcr die man auch F\u00f6rdermittel von der Th\u00fcringer Aufbaubank (<a href=\"http:\/\/www.aufbaubank.de\/\" >TAB<\/a>) erwarte. Die Verarbeitungsmaschinen, die von der insolventen Greizer CanaTex GmbH \u00fcbernommen wurden, stehen bereits am neuen Standort.<\/b> <\/p>\n<p>Bei CanaTex war die Pahren Agrar schon als Lieferant im Boot, nimmt jetzt aber auch die Verarbeitung in die eigenen H\u00e4nde. Neben der Faserverarbeitung sollen k\u00fcnftig auch die Hanfsamen verarbeitet werden. Die f\u00fcr die Hanfverarbeitung ins Leben gerufene VOFA GmbH &#038; Co. KG (Vogtland Faser) soll f\u00fcnf Arbeitspl\u00e4tze schaffen. Zu den Mitarbeitern geh\u00f6rt mit Johanna Schulz auch eine ehemalige CanaTex-Mitarbeiterin. <\/p>\n<p>Angebaut wird Hanf von der Pahren Agrar seit acht Jahren. Damals mit 12 Hektar Spitzenreiter in Th\u00fcringen, hat das Unternehmen inzwischen 80 Hektar mit der schnellwachsenden Faserpflanze bepflanzt. Die VOFA peilt insgesamt 400 Hektar Anbaufl\u00e4che an, wof\u00fcr sie Kooperationspartner braucht. <\/p>\n<p><b>Weitere Informationen<\/b><\/p>\n<ul>\n<li><a href=\"http:\/\/www.otz.de\/otz\/otz.zeulenroda.volltext.php?kennung=on1otzLOKStaZeulenroda39537&#038;zulieferer=otz&#038;kategorie=LOK&#038;rubrik=Stadt&#038;region=Zeulenroda&#038;auftritt=OTZ&#038;dbserver=1\" >Hanf-Maschinen stehen schon.<\/a> Beitrag in der Ostth\u00fcringer Zeitung vom 2008-31-01.<\/li>\n<li><a href=\"http:\/\/www.otz.de\/otz\/otz.standard.volltext.php?kennung=on1otzKOMKomZeulenroda39537&#038;zulieferer=otz&#038;kategorie=KOM&#038;rubrik=Kommentar&#038;region=Zeulenroda&#038;auftritt=OTZ&#038;dbserver=1\" >Dritter Versuch.<\/a> Kommentar von Steffen Beikirch in der Ostth\u00fcringer Zeitung vom 2008-31-01.<\/li>\n<\/ul>\n<p>(Vgl. Meldungen vom <a href=\"https:\/\/renewable-carbon.eu\/news\/hanfanbau-in-thueringen-besonders-ertragreich\/\" >2006-08-03<\/a>, <a href=\"https:\/\/renewable-carbon.eu\/news\/\/\" >2003-06-03<\/a> und <a href=\"https:\/\/renewable-carbon.eu\/news\/verarbeitungszentrum-von-naturfasern-partner-der-landwirtschaft\/\" >2003-05-09<\/a>.)<\/p>\n","protected":false},"excerpt":{"rendered":"<p><b>Ab Herbst 2008 sollen auf dem Gel&auml;nde einer ehemaligen Schweinezuchtanlage in L&auml;witz (Landkreis Greiz\/Th&uuml;ringen) Hanffasern verarbeitet werden. Wie die Ostth&uuml;ringer Zeitung berichtete, k&uuml;ndigte Dr. Albrecht<\/b><\/p>\n","protected":false},"author":3,"featured_media":0,"comment_status":"closed","ping_status":"closed","sticky":false,"template":"","format":"standard","meta":{"_seopress_robots_primary_cat":"","nova_meta_subtitle":"","footnotes":""},"categories":[5572],"tags":[],"supplier":[],"class_list":["post-10718","post","type-post","status-publish","format-standard","hentry","category-bio-based"],"_links":{"self":[{"href":"https:\/\/renewable-carbon.eu\/news\/wp-json\/wp\/v2\/posts\/10718","targetHints":{"allow":["GET"]}}],"collection":[{"href":"https:\/\/renewable-carbon.eu\/news\/wp-json\/wp\/v2\/posts"}],"about":[{"href":"https:\/\/renewable-carbon.eu\/news\/wp-json\/wp\/v2\/types\/post"}],"author":[{"embeddable":true,"href":"https:\/\/renewable-carbon.eu\/news\/wp-json\/wp\/v2\/users\/3"}],"replies":[{"embeddable":true,"href":"https:\/\/renewable-carbon.eu\/news\/wp-json\/wp\/v2\/comments?post=10718"}],"version-history":[{"count":0,"href":"https:\/\/renewable-carbon.eu\/news\/wp-json\/wp\/v2\/posts\/10718\/revisions"}],"wp:attachment":[{"href":"https:\/\/renewable-carbon.eu\/news\/wp-json\/wp\/v2\/media?parent=10718"}],"wp:term":[{"taxonomy":"category","embeddable":true,"href":"https:\/\/renewable-carbon.eu\/news\/wp-json\/wp\/v2\/categories?post=10718"},{"taxonomy":"post_tag","embeddable":true,"href":"https:\/\/renewable-carbon.eu\/news\/wp-json\/wp\/v2\/tags?post=10718"},{"taxonomy":"supplier","embeddable":true,"href":"https:\/\/renewable-carbon.eu\/news\/wp-json\/wp\/v2\/supplier?post=10718"}],"curies":[{"name":"wp","href":"https:\/\/api.w.org\/{rel}","templated":true}]}}