{"id":10706,"date":"2007-12-21T00:00:00","date_gmt":"2007-12-20T22:00:00","guid":{"rendered":"http:\/\/www.bio-based.eu\/news\/index.php?startid=20071221-07n"},"modified":"2007-12-21T00:00:00","modified_gmt":"2007-12-20T22:00:00","slug":"studie-zu-biogasanlagen-sieht-keine-konkurrenz-zur-viehhaltung","status":"publish","type":"post","link":"https:\/\/renewable-carbon.eu\/news\/studie-zu-biogasanlagen-sieht-keine-konkurrenz-zur-viehhaltung\/","title":{"rendered":"Studie zu Biogasanlagen sieht keine Konkurrenz zur Viehhaltung"},"content":{"rendered":"<p><img SRC=\"https:\/\/renewable-carbon.eu\/news\/wp-content\/uploads\/news-images\/20071221-07\/endbericht_biogas.jpg\" align=\"left\" style=\"margin-right:10px;\" BORDER=\"0\" ALT=\"endbericht_biogas.jpg\"\/><b>Immer mehr landwirtschaftliche Betriebe in Nordrhein-Westfalen haben sich in den letzten Jahren f\u00fcr die CO<sub>2<\/sub>-neutrale Energieerzeugung aus Biogas entschieden und in eigene Anlagen oder Gemeinschaftsanlagen investiert. Dies hat in Landkreisen mit ausgepr\u00e4gter tierischer Veredelungswirtschaft zu Diskussionen um steigende Pachtpreise und Konkurrenzwirkungen von Biogasanlagen auf die traditionelle Viehwirtschaft gef\u00fchrt. Im Auftrag des <a href=\"http:\/\/www.umwelt.nrw.de\/\" >Landwirtschaftsministeriums<\/a> hat der Fachbereich Agrarwirtschaft Soest der <a href=\"http:\/\/www.fh-swf.de\/\" >Fachhochschule S\u00fcdwestfalen<\/a> daher eine Studie zu regionalen Struktur- und Einkommenswirkungen der Biogasproduktion durchgef\u00fchrt.<\/b><\/p>\n<p>&#8220;Die Studie stellt eine fundierte Grundlage f\u00fcr eine vorurteilsfreie Diskussion der Wettbewerbssituation dar&#8221;, so Landwirtschaftsminister Eckhard Uhlenberg. &#8220;Danach gibt es derzeit keine wettbewerbsverzerrende F\u00f6rderung von Biogasanlagen. Die Anlagen stellen auch keine Bedrohung f\u00fcr Vieh haltende Betriebe dar, sondern k\u00f6nnen \u2013 insbesondere als Gemeinschaftsanlagen \u2013 ein zus\u00e4tzliches Standbein f\u00fcr die Betriebe sein.&#8221; <\/p>\n<p>Die Studie macht aber auch deutlich, dass es unter den aktuellen Marktbedingungen erforderlich ist, gezielte Anreize f\u00fcr eine verst\u00e4rkte Verg\u00e4rung von G\u00fclle und Reststoffen zu geben. Hier existiert ein hohes Potenzial zur Vermeidung von Treibhausgasen und zur regenerativen Energieerzeugung, ohne dass es zu Konkurrenz mit der Erzeugung von Nahrungsmitteln kommt.<\/p>\n<p>Die Studie vergleicht in Modellrechnungen die Wettbewerbsf\u00e4higkeit von Biogasanlagen unter verschiedenen Rahmenbedingungen. Die Autoren stellen darin unter anderem fest, dass derzeit die Anreize zum Bau von Biogasanlagen angesichts der hohen Getreidepreise zu gering sind, um noch einen nennenswerten Zubau von Anlagen zu bewirken. Sie empfehlen deshalb eine Verst\u00e4rkung und Erweiterung der Anreize zur W\u00e4rmenutzung sowie eine Erh\u00f6hung der F\u00f6rderung f\u00fcr kleine, dezentrale Anlagen. Dagegen warnen sie davor, die Anreize f\u00fcr den Anbau von Energiepflanzen wesentlich zu verst\u00e4rken oder gar an die Getreidepreise zu koppeln.<\/p>\n<p>Die Ergebnisse der Studie dienen auch als Diskussionsbeitrag f\u00fcr die anstehende Novellierung des Erneuerbare-Energien-Gesetzes, mit dem die Verg\u00fctung f\u00fcr die Einspeisung von Strom aus erneuerbaren Energien geregelt wird. Die Novelle ist Teil des von der Bundesregierung vorgelegten &#8220;Integrierten Klima- und Energiepaketes&#8221; im Rahmen des Meseberger Programms und wird in K\u00fcrze im Bundesrat beraten.<\/p>\n<p>Die vorl\u00e4ufigen Ergebnisse des ersten Teils der Studie beziehen sich auf die Struktur- und Einkommenswirkungen in Veredelungsregionen (am Beispiel der Kreise Borken und Steinfurt). Derzeit wird die Studie um den Bereich Gr\u00fcnlandregionen erg\u00e4nzt, im kommenden Jahr soll sich eine Bewertung der Situation in Ackerbauregionen anschlie\u00dfen.<\/p>\n<p>Download des vorl\u00e4ufigen Berichts zum Projekt <a href=\"https:\/\/renewable-carbon.eu\/news\/wp-content\/uploads\/news-images\/20071221-07\/endbericht_biogas07.pdf\" >Regionale Struktur- und Einkommenswirkungen der Biogasproduktion in NRW<\/a> (PDF).<\/p>\n<p>(Vgl. Meldungen vom <a href=\"https:\/\/renewable-carbon.eu\/news\/umweltfreundliches-biogas-wachstum-ist-moeglich\/\" >2007-08-14<\/a> und <a href=\"https:\/\/renewable-carbon.eu\/news\/studie-biogasparks-und-einzelhofanlagen-gleichwertig\/\" >2007-03-05<\/a>.)<\/p>\n","protected":false},"excerpt":{"rendered":"<p><b>Immer mehr landwirtschaftliche Betriebe in Nordrhein-Westfalen haben sich in den letzten Jahren f&uuml;r die CO<sub>2<\/sub>-neutrale Energieerzeugung aus Biogas entschieden und in eigene Anlagen oder Gemeinschaftsanlagen<\/b><\/p>\n","protected":false},"author":3,"featured_media":0,"comment_status":"closed","ping_status":"closed","sticky":false,"template":"","format":"standard","meta":{"_seopress_robots_primary_cat":"","nova_meta_subtitle":"","footnotes":""},"categories":[5572],"tags":[],"supplier":[],"class_list":["post-10706","post","type-post","status-publish","format-standard","hentry","category-bio-based"],"_links":{"self":[{"href":"https:\/\/renewable-carbon.eu\/news\/wp-json\/wp\/v2\/posts\/10706","targetHints":{"allow":["GET"]}}],"collection":[{"href":"https:\/\/renewable-carbon.eu\/news\/wp-json\/wp\/v2\/posts"}],"about":[{"href":"https:\/\/renewable-carbon.eu\/news\/wp-json\/wp\/v2\/types\/post"}],"author":[{"embeddable":true,"href":"https:\/\/renewable-carbon.eu\/news\/wp-json\/wp\/v2\/users\/3"}],"replies":[{"embeddable":true,"href":"https:\/\/renewable-carbon.eu\/news\/wp-json\/wp\/v2\/comments?post=10706"}],"version-history":[{"count":0,"href":"https:\/\/renewable-carbon.eu\/news\/wp-json\/wp\/v2\/posts\/10706\/revisions"}],"wp:attachment":[{"href":"https:\/\/renewable-carbon.eu\/news\/wp-json\/wp\/v2\/media?parent=10706"}],"wp:term":[{"taxonomy":"category","embeddable":true,"href":"https:\/\/renewable-carbon.eu\/news\/wp-json\/wp\/v2\/categories?post=10706"},{"taxonomy":"post_tag","embeddable":true,"href":"https:\/\/renewable-carbon.eu\/news\/wp-json\/wp\/v2\/tags?post=10706"},{"taxonomy":"supplier","embeddable":true,"href":"https:\/\/renewable-carbon.eu\/news\/wp-json\/wp\/v2\/supplier?post=10706"}],"curies":[{"name":"wp","href":"https:\/\/api.w.org\/{rel}","templated":true}]}}