{"id":10692,"date":"2008-01-10T00:00:00","date_gmt":"2008-01-09T22:00:00","guid":{"rendered":"http:\/\/www.bio-based.eu\/news\/index.php?startid=20080110-01n"},"modified":"2008-01-10T00:00:00","modified_gmt":"2008-01-09T22:00:00","slug":"moebeltrends-naturfasern-und-obstholz-im-kommen","status":"publish","type":"post","link":"https:\/\/renewable-carbon.eu\/news\/moebeltrends-naturfasern-und-obstholz-im-kommen\/","title":{"rendered":"M\u00f6beltrends: Naturfasern und Obstholz im Kommen"},"content":{"rendered":"<p><b>Dirk-Uwe Klaas, Hauptgesch\u00e4ftsf\u00fchrer des <a href=\"http:\/\/www.hdh-ev.de\/\" >Verbandes der Deutschen M\u00f6belindustrie<\/a>, erl\u00e4uterte die aktuellen M\u00f6beltrends anl\u00e4sslich der Eirichtungsmesse <a href=\"http:\/\/www.imm-cologne.de\/\" >imm cologne 2008<\/a>. Umfragen unter den Herstellern zeigten einen Trend zu Naturfasern bei Polsterbez\u00fcgen sowie zu hochwertigen, dunklen H\u00f6lzern. Die Presseerkl\u00e4rung des Verbands geben wir in Ausz\u00fcgen wieder:<\/b>  <\/p>\n<p>&#8220;In den Vorbereitungen zur Internationalen M\u00f6belmesse 2008 haben wir als Verband der Deutschen M\u00f6belindustrie wieder eine Befragung bei Herstellern und Ausstellern durchgef\u00fchrt. <\/p>\n<p><b>Naturfaser gewinnt, Leder verliert<\/b><br \/>Im Polsterm\u00f6belbereich setzen sich Flachgewebe mit feinen Strukturen durch. Was sich &#8220;gut anf\u00fchlt&#8221; hat auch hier gute Verkaufschancen. Solche struktur\u00e4hnlichen Bezugsstoffe wirken einladend und warm. Daneben sind Bezugsstoffe aus Wolle, Wollfilz, Leinen, Baumwolle und Flachs &#8211; also Naturfasern &#8211; im Kommen. Naturfasern sind im Laufe der vergangenen Jahre durch verbesserte Herstellungsverfahren mit ihren Kunstfaserkonkurrenten beispielweise beim Thema Schmutzempfindlichkeit durchaus vergleichbar. Der Klassiker Leder wird seine Stellung verteidigen. Hier sind vor allem pflegeleichte Qualit\u00e4ten erw\u00fcnscht.<\/p>\n<p><b>Materialehrlichkeit gefragt<\/b><br \/>Moderne M\u00f6bel strahlen eine Materialehrlichkeit aus, die f\u00fcr immer mehr Menschen zunehmend wichtiger wird. Die Authentizit\u00e4t des Materials, sei es nun Holz, Metall, Glas, Stein oder Kunststoff, kommt ohne Schn\u00f6rkel aus. Dadurch wirken viele M\u00f6bel schlicht und eben uninszeniert echt. <\/p>\n<p>Das Angebot an dunklen H\u00f6lzern wird noch einmal zulegen. Der dunkle Nussbaum wird seine Stellung ausbauen, bei Betten oder Schr\u00e4nken oftmals in Kombination mit Glas und Edelstahl. Auch die dunkle Eiche kommt sehr edel und elegant. Tropische H\u00f6lzer wie Zebrano, Palisander, Teak oder Weng\u00e9 haben sich etabliert und geh\u00f6ren fest zum Profil des internationalen M\u00f6belangebotes.<\/p>\n<p><b>Obstholz kommt<\/b><br \/>Buche &#8211; auch die Rotkernbuche &#8211; Esche, Erle und Birke bleiben die vorherrschenden hellen H\u00f6lzer im Wohnm\u00f6belbereich. Die Farbpalette reicht bei diesen H\u00f6lzern von einer hellen Anmutung \u00fcber Beige und r\u00f6tlichen Ankl\u00e4ngen hin zu einem hellen bis gem\u00e4\u00dfigten Braun. Die heimischen Obsth\u00f6lzer werden immer beliebter. Die Kirsche mit ihren zarten, r\u00f6tlichen Mustern spielt dabei eine besondere Rolle. Neben den bekannten Apfel-, Birnen- und Pflaumenh\u00f6lzern wird neu das \u00d6lbaumholz Olive zu sehen sein. Insgesamt kann man bei den neuen Trends sagen: Obstholz kommt.&#8221;<\/p>\n<p><i><a href=\"https:\/\/renewable-carbon.eu\/news\/wp-content\/uploads\/news-images\/20080110-01\/Verbande_Forum.pdf\" >Pressemitteilung des Verbands der Deutschen M\u00f6belindustrie e.V. vom 2008-01-09.<\/a><\/i><\/p>\n<p><b>Kontakt:<\/b><br \/>Verband der Deutschen M\u00f6belindustrie e.V.<br \/>Flutgraben 2<br \/>53604 Bad Honnef<br \/>Tel.: 02224-93 77-0<br \/>Fax: 02224-93 77-77<br \/>E-Mail: <a href=\"mailto:info@hdh-ev.de\">info@hdh-ev.de<\/a><br \/>Internet: <a href=\"http:\/\/www.hdh-ev.de\/\" >www.hdh-ev.de<\/a><\/p>\n<p>(Vgl. Meldungen vom <a href=\"https:\/\/renewable-carbon.eu\/news\/nova-messebericht-imm-cologne-passagen\/\" >2007-01-24<\/a> und <a href=\"https:\/\/renewable-carbon.eu\/news\/nova-tagungs-und-messebericht-gelungener-auftakt-fr-neue-kooperationsforum-innenausbau-mbel-innenarchitektur\/\" >2006-10-16<\/a>.)<\/p>\n","protected":false},"excerpt":{"rendered":"<p><b>Dirk-Uwe Klaas, Hauptgesch&auml;ftsf&uuml;hrer des Verbandes der Deutschen M&ouml;belindustrie, erl&auml;uterte die aktuellen M&ouml;beltrends anl&auml;sslich der Eirichtungsmesse imm cologne 2008. Umfragen unter den Herstellern zeigten einen Trend<\/b><\/p>\n","protected":false},"author":3,"featured_media":0,"comment_status":"closed","ping_status":"closed","sticky":false,"template":"","format":"standard","meta":{"_seopress_robots_primary_cat":"","nova_meta_subtitle":"","footnotes":""},"categories":[5572],"tags":[],"supplier":[],"class_list":["post-10692","post","type-post","status-publish","format-standard","hentry","category-bio-based"],"_links":{"self":[{"href":"https:\/\/renewable-carbon.eu\/news\/wp-json\/wp\/v2\/posts\/10692","targetHints":{"allow":["GET"]}}],"collection":[{"href":"https:\/\/renewable-carbon.eu\/news\/wp-json\/wp\/v2\/posts"}],"about":[{"href":"https:\/\/renewable-carbon.eu\/news\/wp-json\/wp\/v2\/types\/post"}],"author":[{"embeddable":true,"href":"https:\/\/renewable-carbon.eu\/news\/wp-json\/wp\/v2\/users\/3"}],"replies":[{"embeddable":true,"href":"https:\/\/renewable-carbon.eu\/news\/wp-json\/wp\/v2\/comments?post=10692"}],"version-history":[{"count":0,"href":"https:\/\/renewable-carbon.eu\/news\/wp-json\/wp\/v2\/posts\/10692\/revisions"}],"wp:attachment":[{"href":"https:\/\/renewable-carbon.eu\/news\/wp-json\/wp\/v2\/media?parent=10692"}],"wp:term":[{"taxonomy":"category","embeddable":true,"href":"https:\/\/renewable-carbon.eu\/news\/wp-json\/wp\/v2\/categories?post=10692"},{"taxonomy":"post_tag","embeddable":true,"href":"https:\/\/renewable-carbon.eu\/news\/wp-json\/wp\/v2\/tags?post=10692"},{"taxonomy":"supplier","embeddable":true,"href":"https:\/\/renewable-carbon.eu\/news\/wp-json\/wp\/v2\/supplier?post=10692"}],"curies":[{"name":"wp","href":"https:\/\/api.w.org\/{rel}","templated":true}]}}