{"id":10675,"date":"2008-01-15T00:00:00","date_gmt":"2008-01-14T22:00:00","guid":{"rendered":"http:\/\/www.bio-based.eu\/news\/index.php?startid=20080115-02n"},"modified":"2008-01-15T00:00:00","modified_gmt":"2008-01-14T22:00:00","slug":"olbrich-kauft-insolventen-anlagenbauer-fuer-naturfaser-formpressteile","status":"publish","type":"post","link":"https:\/\/renewable-carbon.eu\/news\/olbrich-kauft-insolventen-anlagenbauer-fuer-naturfaser-formpressteile\/","title":{"rendered":"Olbrich kauft insolventen Anlagenbauer f\u00fcr Naturfaser-Formpressteile"},"content":{"rendered":"<p><b>Der seit Oktober insolvente Offenbacher Anlagenbauer <a href=\"http:\/\/www.rstechnik.de\/\" >R+S Technik<\/a>, der f\u00fcr Zulieferer der Autoindustrie Maschinen f\u00fcr Werkstoffe aus nachwachsenden Rohstoffen fertigt, hat einen neuen Eigent\u00fcmer. Der Bocholter Maschinenbauer <a href=\"http:\/\/www.olbrich.de\/\" >Olbrich<\/a> hat die Firma \u00fcbernommen und somit auch die rund 90 Arbeitspl\u00e4tze am Offenbacher Stammwerk sowie in der Fertigung im tschechischen Br\u00fcnn gerettet. Das teilte einem Bericht der Frankfurter Rundschau (<a href=\"http:\/\/www.fr-online.de\/\" >FR<\/a>) zufolge Insolvenzverwalter Richard Scholz mit.<\/b><\/p>\n<p>Mit Olbrich sei &#8220;ein grundsolider Investor&#8221; gefunden worden, sagte Scholz. Aus eigener Kraft w\u00e4re eine Fortf\u00fchrung von R+S Technik nicht m\u00f6glich gewesen, sagte Scholz. Mit dem Verkauf aber werde der Gesch\u00e4ftsbetrieb nahtlos weitergef\u00fchrt. \u00dcber den Kaufpreis haben die Vertragspartner Stillschweigen vereinbart.<\/p>\n<p>In den vergangenen Jahren hatte die Firma auf Maschinen f\u00fcr alternative Werkstoffe gesetzt. Statt Kunststoffen sollten verst\u00e4rkt Naturfasern wie Hanf und Flachs gepresst, mit einer d\u00fcnnen Plastikschicht \u00fcberzogen und dann ins Auto eingebaut werden. Die Entwicklungskosten waren hoch, die Nachfrage bei den Autoherstellern trotz \u00f6kologischer Vorteile anfangs verhalten.<\/p>\n<p>Immerhin 15 potenzielle Investoren, von denen nun Olbrich den Zuschlag bekam, hatten sich f\u00fcr das Unternehmen interessiert. Die Offenbacher geh\u00f6ren nun mit Olbrich zur <a href=\"http:\/\/www.borgers.de\/\" >Borgers<\/a>-Gruppe. Borgers ist nach eigenen Angaben ein inhabergef\u00fchrtes Familienunternehmen mit weltweit gut 4.700 Mitarbeitern, das sich auf textile, akustisch wirksame Bauteile f\u00fcr den  Motor-, Fahrgast- und Kofferraum von Fahrzeugen spezialisiert hat. R+S Technik erzielte zuletzt einen Umsatz von rund elf Millionen Euro.<\/p>\n<p>(Vgl. Meldungen vom <a href=\"https:\/\/renewable-carbon.eu\/news\/insolvenz-anlagenbauer-fuer-naturfaser-formpressteile-sucht-kaeufer\/\" >2007-11-12<\/a> und <a href=\"https:\/\/renewable-carbon.eu\/news\/recyclingfaehige-naturfaserwerkstoffe-jetzt-auch-fuers-autodach\/\" >2006-12-13<\/a>.)<\/p>\n","protected":false},"excerpt":{"rendered":"<p><b>Der seit Oktober insolvente Offenbacher Anlagenbauer R+S Technik, der f&uuml;r Zulieferer der Autoindustrie Maschinen f&uuml;r Werkstoffe aus nachwachsenden Rohstoffen fertigt, hat einen neuen Eigent&uuml;mer. Der<\/b><\/p>\n","protected":false},"author":3,"featured_media":0,"comment_status":"closed","ping_status":"closed","sticky":false,"template":"","format":"standard","meta":{"_seopress_robots_primary_cat":"","nova_meta_subtitle":"","footnotes":""},"categories":[5572],"tags":[],"supplier":[],"class_list":["post-10675","post","type-post","status-publish","format-standard","hentry","category-bio-based"],"_links":{"self":[{"href":"https:\/\/renewable-carbon.eu\/news\/wp-json\/wp\/v2\/posts\/10675","targetHints":{"allow":["GET"]}}],"collection":[{"href":"https:\/\/renewable-carbon.eu\/news\/wp-json\/wp\/v2\/posts"}],"about":[{"href":"https:\/\/renewable-carbon.eu\/news\/wp-json\/wp\/v2\/types\/post"}],"author":[{"embeddable":true,"href":"https:\/\/renewable-carbon.eu\/news\/wp-json\/wp\/v2\/users\/3"}],"replies":[{"embeddable":true,"href":"https:\/\/renewable-carbon.eu\/news\/wp-json\/wp\/v2\/comments?post=10675"}],"version-history":[{"count":0,"href":"https:\/\/renewable-carbon.eu\/news\/wp-json\/wp\/v2\/posts\/10675\/revisions"}],"wp:attachment":[{"href":"https:\/\/renewable-carbon.eu\/news\/wp-json\/wp\/v2\/media?parent=10675"}],"wp:term":[{"taxonomy":"category","embeddable":true,"href":"https:\/\/renewable-carbon.eu\/news\/wp-json\/wp\/v2\/categories?post=10675"},{"taxonomy":"post_tag","embeddable":true,"href":"https:\/\/renewable-carbon.eu\/news\/wp-json\/wp\/v2\/tags?post=10675"},{"taxonomy":"supplier","embeddable":true,"href":"https:\/\/renewable-carbon.eu\/news\/wp-json\/wp\/v2\/supplier?post=10675"}],"curies":[{"name":"wp","href":"https:\/\/api.w.org\/{rel}","templated":true}]}}