{"id":10658,"date":"2008-01-25T00:00:00","date_gmt":"2008-01-24T22:00:00","guid":{"rendered":"http:\/\/www.bio-based.eu\/news\/index.php?startid=20080125-03n"},"modified":"2008-01-25T00:00:00","modified_gmt":"2008-01-24T22:00:00","slug":"energiepflanzen-oekologisch-anbauen","status":"publish","type":"post","link":"https:\/\/renewable-carbon.eu\/news\/energiepflanzen-oekologisch-anbauen\/","title":{"rendered":"Energiepflanzen \u00f6kologisch anbauen?"},"content":{"rendered":"<p><img SRC=\"https:\/\/renewable-carbon.eu\/news\/wp-content\/uploads\/news-images\/20080125-03\/oel_145_200.jpg\" align=\"right\" style=\"margin-left:10px;\" BORDER=\"0\" ALT=\"oel_145_200.jpg\"\/>Dass sich Bio-Energie auch aus zertifizierten Bio-Betrieben gewinnen l\u00e4sst, zeigt R\u00fcdiger Gra\u00df: Er erl\u00e4utert, welche Nutzungsformen sinnvoll sind und wie ein \u00f6kologischer Energiepflanzenanbau aussehen kann. In seinem Beitrag f\u00fcr die Fachzeitschrift <a href=\"http:\/\/www.soel.de\/publikationen\/oel\/oe_u_l.html\" >\u00d6kologie &#038; Landbau<\/a> zeigt der Wissenschaftler, welche Chancen die Biogaswirtschaft im \u00d6ko-Landbau gerade f\u00fcr viehlos wirtschaftende Betriebe bietet. Dabei geht er vor allem auf D\u00fcngekonzepte und Fruchtfolgen ein. Auch f\u00fcr die Nachhaltigkeit und das System \u00d6ko-Landwirtschaft kritische Aspekte greift Gra\u00df auf. Die Frage nach den Fl\u00e4chenpotenzialen im \u00f6kologischen Landbau streift er mangels Verf\u00fcgbarkeit konkreter Zahlen nur kurz.    <\/p>\n<p>Den Beitrag &#8220;Energie aus Biomasse &#8211; ein Beitrag zum Klimaschutz?&#8221; von R\u00fcdiger Gra\u00df k\u00f6nnen Sie als PDF-Dokument <a href=\"https:\/\/renewable-carbon.eu\/news\/wp-content\/uploads\/news-images\/20080125-03\/oel_145_Grass-1.pdf\" >hier<\/a> herunterladen. <\/p>\n<p>Der Themenschwerpunkt in der Ausgabe 1\/2008 der Zeitschrift \u00d6kologie &#038; Landbau lautet &#8220;Klimaschutz und \u00d6ko-Landbau&#8221;. Mit Fragen der Bioenergie-Erzeugung befassen sich folgende weitere Beitr\u00e4ge dieser Ausgabe:<\/p>\n<ul>\n<li>Bernhard Freyer: Klimawandel und Bioenergie \u2013 Perspektiven des \u00d6ko-Landbaus<\/li>\n<li>Florian Sch\u00f6ne: Anbau von Energiepflanzen: Chancen und Gefahren f\u00fcr die Umwelt<\/li>\n<\/ul>\n<p><b>Bezug<\/b><br \/>oekom verlag<br \/>Waltherstrasse 29<br \/>80337 M\u00fcnchen<br \/>Tel.: 089-544 18 40<br \/>Fax.: 089-54 41 84 49<br \/>E-Mail: <a href=\"mailto:kontakt@oekom.de\">kontakt@oekom.de<\/a><br \/>Internet: <a href=\"http:\/\/www.oekom.de\/zeitschriften\/oekologie-landbau\/\" >www.oekom.de<\/a><\/p>\n<p>(Vgl. Meldungen vom <a href=\"https:\/\/renewable-carbon.eu\/news\/naturland-fordert-oekologische-kriterien-fuer-biogas\/\" >2007-12-17<\/a> und <a href=\"https:\/\/renewable-carbon.eu\/news\/nova-buchbesprechung-biogaserzeugung-im-oekologischen-landbau\/\" >2007-08-02<\/a>.)<\/p>\n","protected":false},"excerpt":{"rendered":"<p>Dass sich Bio-Energie auch aus zertifizierten Bio-Betrieben gewinnen l&auml;sst, zeigt R&uuml;diger Gra&szlig;: Er erl&auml;utert, welche Nutzungsformen sinnvoll sind und wie ein &ouml;kologischer Energiepflanzenanbau aussehen kann.<\/p>\n","protected":false},"author":3,"featured_media":0,"comment_status":"closed","ping_status":"closed","sticky":false,"template":"","format":"standard","meta":{"_seopress_robots_primary_cat":"","nova_meta_subtitle":"","footnotes":""},"categories":[5572],"tags":[],"supplier":[],"class_list":["post-10658","post","type-post","status-publish","format-standard","hentry","category-bio-based"],"_links":{"self":[{"href":"https:\/\/renewable-carbon.eu\/news\/wp-json\/wp\/v2\/posts\/10658","targetHints":{"allow":["GET"]}}],"collection":[{"href":"https:\/\/renewable-carbon.eu\/news\/wp-json\/wp\/v2\/posts"}],"about":[{"href":"https:\/\/renewable-carbon.eu\/news\/wp-json\/wp\/v2\/types\/post"}],"author":[{"embeddable":true,"href":"https:\/\/renewable-carbon.eu\/news\/wp-json\/wp\/v2\/users\/3"}],"replies":[{"embeddable":true,"href":"https:\/\/renewable-carbon.eu\/news\/wp-json\/wp\/v2\/comments?post=10658"}],"version-history":[{"count":0,"href":"https:\/\/renewable-carbon.eu\/news\/wp-json\/wp\/v2\/posts\/10658\/revisions"}],"wp:attachment":[{"href":"https:\/\/renewable-carbon.eu\/news\/wp-json\/wp\/v2\/media?parent=10658"}],"wp:term":[{"taxonomy":"category","embeddable":true,"href":"https:\/\/renewable-carbon.eu\/news\/wp-json\/wp\/v2\/categories?post=10658"},{"taxonomy":"post_tag","embeddable":true,"href":"https:\/\/renewable-carbon.eu\/news\/wp-json\/wp\/v2\/tags?post=10658"},{"taxonomy":"supplier","embeddable":true,"href":"https:\/\/renewable-carbon.eu\/news\/wp-json\/wp\/v2\/supplier?post=10658"}],"curies":[{"name":"wp","href":"https:\/\/api.w.org\/{rel}","templated":true}]}}