{"id":10655,"date":"2008-01-28T00:00:00","date_gmt":"2008-01-27T22:00:00","guid":{"rendered":"http:\/\/www.bio-based.eu\/news\/index.php?startid=20080128-03n"},"modified":"2008-01-28T00:00:00","modified_gmt":"2008-01-27T22:00:00","slug":"c-a-r-m-e-n-waldforum-in-straubing-am-10-maerz","status":"publish","type":"post","link":"https:\/\/renewable-carbon.eu\/news\/c-a-r-m-e-n-waldforum-in-straubing-am-10-maerz\/","title":{"rendered":"C.A.R.M.E.N.-Waldforum in Straubing am 10. M\u00e4rz"},"content":{"rendered":"<p><b>Unter dem Motto &#8220;Bayerische W\u00e4lder &#8211; Klimaschutz und Wirtschaftsfaktor&#8221; veranstaltet<br \/><a href=\"http:\/\/www.carmen-ev.de\/\" >C.A.R.M.E.N.<\/a>, die bayerische Koordinierungseinrichtung f\u00fcr Nachwachsende Rohstoffe am 10. M\u00e4rz 2008 sein 15. Forum im Straubinger Herzogschloss. Kooperationspartner ist der <a href=\"http:\/\/www.bayer-waldbesitzerverband.de\/\" >Bayerische Waldbesitzerverband<\/a>, die berufsst\u00e4ndische Vertretung des privaten, kommunalen und kirchlichen Waldbesitzes, in der mittlerweile \u00fcber 110.000 bayerische Waldbesitzer organisiert sind.<\/b><\/p>\n<p>Forst und Holz gelten in Bayern als die Motoren des l\u00e4ndlichen Raumes, denn die bayerischen W\u00e4lder sind Natur- und Wirtschaftsraum in einem. Die Forst-, Holz- und Papierwirtschaft z\u00e4hlt nach einer Studie der Clusterinitiative &#8220;Forst und Holz&#8221; mit einem Gesamtumsatz von \u00fcber 31 Milliarden Euro zu den f\u00fcnf umsatzst\u00e4rksten Branchen im Freistaat. In den letzten zwei Jahren konnte Bayern sogar Finnland, den europ\u00e4ischen Holzindustriestaat Nummer eins, \u00fcberholen.<\/p>\n<p>Das 15. C.A.R.M.E.N.-Forum bietet f\u00fchrenden Vertretern der Branche die M\u00f6glichkeit, vor einem interessierten Fachpublikum aktuelle Themen zu beleuchten und das Innovationspotential der Holz- und Forstwirtschaft zu erl\u00e4utern. Staatsminister Josef Miller er\u00f6ffnet das Forum mit seinem Auftaktvortrag &#8220;Bayerische W\u00e4lder &#8211; Forstpolitik der Bayerischen Staatsregierung&#8221;, danach referiert Olaf Schmidt, der Pr\u00e4sident der Bayerischen Landesanstalt f\u00fcr Wald und Forstwirtschaft (<a href=\"http:\/\/www.lwf.bayern.de\/\" >LWF<\/a>) zu den Auswirkungen des Klimawandels auf die Forstwirtschaft.<\/p>\n<p><b>Fachbl\u00f6cke: Industrielle Nutzung, Holzenergie und Marktstrategien<\/b><br \/>Im ersten Fachblock &#8220;Holz in der industriellen Nutzung&#8221; werden die M\u00f6glichkeiten des Klimaschutzes mit High-Tech-Holzh\u00e4usern er\u00f6rtert, Wood-Plastic-Composites vorgestellt und \u00fcber Phenol-Formaldehyd-Harzleime auf Nawaro-Basis referiert.  Im zweiten Block &#8220;Marktkatalysator Holzenergie&#8221; beleuchten die Referenten die Steuerung von Stoffstr\u00f6men, die M\u00f6glichkeiten der Wertsch\u00f6pfung am Pelletmarkt und die Brennstofflogistik. Der dritte Vortragsblock &#8220;Marktstrategien&#8221; setzt sich mit dem Potential der Ressource Wald und deren langfristiger Sicherung auseinander. Die Holzvermarktung aus Sicht der <a href=\"http:\/\/www.baysf.de\/\" >Bayerischen Staatsforsten<\/a> ist ebenfalls Thema, desgleichen die Vermarktung von Biomasse am Beispiel Hackschnitzel.<\/p>\n<p><i><a href=\"http:\/\/www.carmen-ev.de\/dt\/portrait\/foren\/forum08\/programm.pdf\" >Programm<\/a> und <a href=\"http:\/\/www.carmen-ev.de\/dt\/portrait\/foren\/forum08\/anmeldefax.pdf\" >Anmeldung<\/a> (PDF-Dokumente)<\/i><\/p>\n<p><b>Kontakt<\/b><br \/><a href=\"http:\/\/www.carmen-ev.de\/\" >C.A.R.M.E.N. e.V.<\/a><br \/>Eva-Maria Hollweck<br \/>Tel.: 09421-960-300<br \/>E-Mail: <a href=\"mailto:eh@carmen-ev.de\">eh@carmen-ev.de<\/a><\/p>\n<p>(Vgl. Meldungen vom <a href=\"https:\/\/renewable-carbon.eu\/news\/tagungsbericht-nahrung-und-energie-widerspruch-oder-synergie\/\" >2007-04-05<\/a> und <a href=\"https:\/\/renewable-carbon.eu\/news\/holzwirtschaft-im-aufwind\/\" >2007-12-17<\/a>.)<\/p>\n","protected":false},"excerpt":{"rendered":"<p><b>Unter dem Motto &#8220;Bayerische W&auml;lder &#8211; Klimaschutz und Wirtschaftsfaktor&#8221; veranstaltet<br \/>C.A.R.M.E.N., die bayerische Koordinierungseinrichtung f&uuml;r Nachwachsende Rohstoffe am 10. M&auml;rz 2008 sein 15. Forum im<\/b><\/p>\n","protected":false},"author":3,"featured_media":0,"comment_status":"closed","ping_status":"closed","sticky":false,"template":"","format":"standard","meta":{"_seopress_robots_primary_cat":"","nova_meta_subtitle":"","footnotes":""},"categories":[5572],"tags":[],"supplier":[],"class_list":["post-10655","post","type-post","status-publish","format-standard","hentry","category-bio-based"],"_links":{"self":[{"href":"https:\/\/renewable-carbon.eu\/news\/wp-json\/wp\/v2\/posts\/10655","targetHints":{"allow":["GET"]}}],"collection":[{"href":"https:\/\/renewable-carbon.eu\/news\/wp-json\/wp\/v2\/posts"}],"about":[{"href":"https:\/\/renewable-carbon.eu\/news\/wp-json\/wp\/v2\/types\/post"}],"author":[{"embeddable":true,"href":"https:\/\/renewable-carbon.eu\/news\/wp-json\/wp\/v2\/users\/3"}],"replies":[{"embeddable":true,"href":"https:\/\/renewable-carbon.eu\/news\/wp-json\/wp\/v2\/comments?post=10655"}],"version-history":[{"count":0,"href":"https:\/\/renewable-carbon.eu\/news\/wp-json\/wp\/v2\/posts\/10655\/revisions"}],"wp:attachment":[{"href":"https:\/\/renewable-carbon.eu\/news\/wp-json\/wp\/v2\/media?parent=10655"}],"wp:term":[{"taxonomy":"category","embeddable":true,"href":"https:\/\/renewable-carbon.eu\/news\/wp-json\/wp\/v2\/categories?post=10655"},{"taxonomy":"post_tag","embeddable":true,"href":"https:\/\/renewable-carbon.eu\/news\/wp-json\/wp\/v2\/tags?post=10655"},{"taxonomy":"supplier","embeddable":true,"href":"https:\/\/renewable-carbon.eu\/news\/wp-json\/wp\/v2\/supplier?post=10655"}],"curies":[{"name":"wp","href":"https:\/\/api.w.org\/{rel}","templated":true}]}}