{"id":10647,"date":"2008-01-30T00:00:00","date_gmt":"2008-01-29T22:00:00","guid":{"rendered":"http:\/\/www.bio-based.eu\/news\/index.php?startid=20080130-04n"},"modified":"2008-01-30T00:00:00","modified_gmt":"2008-01-29T22:00:00","slug":"orkan-paula-windwurf-in-oesterreich-trifft-auf-volle-holzlager","status":"publish","type":"post","link":"https:\/\/renewable-carbon.eu\/news\/orkan-paula-windwurf-in-oesterreich-trifft-auf-volle-holzlager\/","title":{"rendered":"Orkan Paula: Windwurf in \u00d6sterreich trifft auf volle Holzlager"},"content":{"rendered":"<p><b>Orkantief Paula ist am 27. Januar \u00fcber Zentraleuropa hinweggefegt und hat vor allem in den W\u00e4ldern der s\u00fcd-\u00f6sterreichischen Bundesl\u00e4nder Steiermark und K\u00e4rnten gro\u00dfen Schaden angerichtet. Erste Sch\u00e4tzungen gehen von mehreren Mio. Festmetern aus.<\/b><\/p>\n<p>&#8220;Die Sch\u00e4den sind wesentlich gr\u00f6\u00dfer wie bei &#8216;Kyrill&#8217;. Wir haben ungef\u00e4hr das Dreifache, wir rechnen derzeit mit ungef\u00e4hr zwei Millionen Festmetern Schadholz. Wenn man von einem Preis von 30 Euro pro Festmeter ausgeht, dann ist das ein Schaden von 60 Millionen Euro&#8221;, sagte Landesforstdirektor Josef Kalhs im <a href=\"http:\/\/www.orf.at\/\" >ORF<\/a>.<\/p>\n<p>Gro\u00dfe Sorge bereitet auch die aktuelle Marktsituation: Die Holzabnehmer sind derzeit wegen voller Lager nur begrenzt aufnahmef\u00e4hig. &#8220;Dort wo keine Windw\u00fcrfe zu beklagen sind, sollten geplante Holznutzungen bis auf weiteres zur\u00fcckgestellt werden. Die Wiederherstellung der Infrastruktur und die rasche Aufarbeitung haben absolute Priorit\u00e4t, um dem Borkenk\u00e4fer m\u00f6glichst kein Brutmaterial zu \u00fcberlassen&#8221;, fordert Felix Montecuccoli, Pr\u00e4sident der <a href=\"http:\/\/www.landforstbetriebe.at\/\" >Land&#038;Forst Betriebe<\/a> \u00d6sterreich alle Waldbesitzer und die Holz verarbeitende Industrie zur Solidarit\u00e4t und zum raschen Handeln auf.<\/p>\n<p>&#8220;Die Holz verarbeitende Industrie ist aktuell gut mit Rundholz versorgt, sodass in den am schwersten betroffenen Gebieten rasch zus\u00e4tzliche Kapazit\u00e4ten zur Nasslagerung von Rundholz geschaffen werden m\u00fcssen,&#8221; bringt Rudolf Rosenstatter, Obmann des <a href=\"http:\/\/www.waldverband.at\/\" >Waldverbandes<\/a> \u00d6sterreich, die Problematik in Bezug auf den Holzmarkt auf den Punkt.<\/p>\n<p>(Vgl. Meldung vom <a href=\"https:\/\/renewable-carbon.eu\/news\/orkan-kyrill-unklarheit-ueber-umfang-und-folgen-fuer-holzwirtschaft\/\" >2007-01-23<\/a>.)<\/p>\n","protected":false},"excerpt":{"rendered":"<p><b>Orkantief Paula ist am 27. Januar &uuml;ber Zentraleuropa hinweggefegt und hat vor allem in den W&auml;ldern der s&uuml;d-&ouml;sterreichischen Bundesl&auml;nder Steiermark und K&auml;rnten gro&szlig;en Schaden angerichtet.<\/b><\/p>\n","protected":false},"author":3,"featured_media":0,"comment_status":"closed","ping_status":"closed","sticky":false,"template":"","format":"standard","meta":{"_seopress_robots_primary_cat":"","nova_meta_subtitle":"","footnotes":""},"categories":[5572],"tags":[],"supplier":[],"class_list":["post-10647","post","type-post","status-publish","format-standard","hentry","category-bio-based"],"_links":{"self":[{"href":"https:\/\/renewable-carbon.eu\/news\/wp-json\/wp\/v2\/posts\/10647","targetHints":{"allow":["GET"]}}],"collection":[{"href":"https:\/\/renewable-carbon.eu\/news\/wp-json\/wp\/v2\/posts"}],"about":[{"href":"https:\/\/renewable-carbon.eu\/news\/wp-json\/wp\/v2\/types\/post"}],"author":[{"embeddable":true,"href":"https:\/\/renewable-carbon.eu\/news\/wp-json\/wp\/v2\/users\/3"}],"replies":[{"embeddable":true,"href":"https:\/\/renewable-carbon.eu\/news\/wp-json\/wp\/v2\/comments?post=10647"}],"version-history":[{"count":0,"href":"https:\/\/renewable-carbon.eu\/news\/wp-json\/wp\/v2\/posts\/10647\/revisions"}],"wp:attachment":[{"href":"https:\/\/renewable-carbon.eu\/news\/wp-json\/wp\/v2\/media?parent=10647"}],"wp:term":[{"taxonomy":"category","embeddable":true,"href":"https:\/\/renewable-carbon.eu\/news\/wp-json\/wp\/v2\/categories?post=10647"},{"taxonomy":"post_tag","embeddable":true,"href":"https:\/\/renewable-carbon.eu\/news\/wp-json\/wp\/v2\/tags?post=10647"},{"taxonomy":"supplier","embeddable":true,"href":"https:\/\/renewable-carbon.eu\/news\/wp-json\/wp\/v2\/supplier?post=10647"}],"curies":[{"name":"wp","href":"https:\/\/api.w.org\/{rel}","templated":true}]}}