{"id":10623,"date":"2008-02-13T00:00:00","date_gmt":"2008-02-12T22:00:00","guid":{"rendered":"http:\/\/www.bio-based.eu\/news\/index.php?startid=20080213-04n"},"modified":"2008-02-13T00:00:00","modified_gmt":"2008-02-12T22:00:00","slug":"nachtkerze-heimische-oelpflanze-fuer-spezialanwendungen","status":"publish","type":"post","link":"https:\/\/renewable-carbon.eu\/news\/nachtkerze-heimische-oelpflanze-fuer-spezialanwendungen\/","title":{"rendered":"Nachtkerze: Heimische \u00d6lpflanze f\u00fcr Spezialanwendungen"},"content":{"rendered":"<p><b>Die Nachtkerze ist seit ihrer Einb\u00fcrgerung in Europa vor \u00fcber 300 Jahren vor allem als Wild- oder Gartenpflanze bekannt. Auf Grund des hohen Gehaltes an Gamma-Linolens\u00e4ure ist heute der Samen ein begehrter Rohstoff dieser \u00d6lpflanze und es erfolgt eine landwirtschaftliche Nutzung. Ihre Wurzel wurde schon fr\u00fcher aus Wildsammlungen als &#8220;Schinken des armen Mannes&#8221; oder &#8220;Schinkenwurz&#8221; wegen ihrer Bek\u00f6mmlichkeit und ihres N\u00e4hrstoffgehaltes genutzt. Das hochwertige \u00d6l der Nachtkerze wird vor allem f\u00fcr Pharmazie und Kosmetik genutzt.<\/b><\/p>\n<p><img SRC=\"https:\/\/renewable-carbon.eu\/news\/wp-content\/uploads\/news-images\/20080213-04\/Nutzung_Nachtkerze.jpg\" align=\"right\" style=\"margin-left:10px;\" BORDER=\"0\" ALT=\"Nutzung_Nachtkerze.jpg\"\/>Vor allem aus dem Mittel- und S\u00fcddeutschen Raum sowie aus \u00d6sterreich und der Schweiz interessieren sich Erzeuger zunehmend f\u00fcr den Nachtkerzen-Anbau und die regionale Verwertung des \u00d6ls. Der Agrarwissenschaftler Dr. Adam hat dem Nachrichten-Portal ein aktuelles Abautelegramm dieser Kulturpflanze zur Verf\u00fcgung gestellt.  <\/p>\n<p><b>Botanik<\/b><br \/>Die Nachtkerze (Oenothera biennis L.) ist eine zur Familie der Onagraceaen (Nachtkerzengew\u00e4chse) geh\u00f6rende ein- bis zweij\u00e4hrige Wildpflanze und bildet zun\u00e4chst eine am Boden liegende Blattrosette mit fleischiger Pfahlwurzel aus. Die St\u00e4ngel werden ca. 1 m hoch. Der Bl\u00fctenstand ist eine reichbl\u00fctige Traube mit gro\u00dfen, etwa 2 bis 3 cm langen, wohlriechenden, gelben Bl\u00fcten, die sich erst am Abend \u00f6ffnen. Die dunkelrot- bis schwarzbraunen Samen sitzen in quirlig am St\u00e4ngel angeordneten Kapseln.<\/p>\n<p><b>Boden und Klima<\/b><br \/>Die Nachtkerze gedeiht auf leichten, humosen B\u00f6den. Die Pflanze kann als ein- und zweij\u00e4hriger Pflanze angebaut werden. Sie hat eine langsame Jugendentwicklung. In der Fruchtfolge ist keine Leguminosenvorfrucht  zu empfehlen.<\/p>\n<p><b>Saatgut<\/b> <br \/>Zur Zeit gibt es keine zugelassene Sorten; Erfahrungen liegen u.a. mit der Herkunft G\u00fcterfelde vor. <\/p>\n<p><b>Saattermin<\/b><br \/>Einj\u00e4hrig:  Fr\u00fchjahr &#8211; Anfang bis Mitte April<br \/>Zweij\u00e4hrig: Sommer &#8211; Mitte Juli bis Mitte August<br \/>Die Saatmenge betr\u00e4gt 3-4 kg \/ ha. Die Tausendkornmasse ist mit 0,38 \u2013 0,42 g gering.<\/p>\n<p><b>Aussaat<\/b><br \/>Die Aussaat erfolgt mit f\u00fcr Feins\u00e4merei geeigneten Drillmaschinen. Die Nachtkerze ist ein Lichtkeimer! Die Keimdauer betr\u00e4gt ca. 2 Wochen. Das Saatbett muss verfestigt werden. Bei Sommeraussaat gilt: Feuchtigkeit des Bodens geht vor Saatzeit!<br \/>Aussaattiefe: Etwa 0,5 bis 1,0 cm, Reihenabstand 20 bis 40 cm <br \/>Bestandsdichte: Standraumdichte von ca. 25 &#8211; 40 Pflanzen\/m2 ausreichend.<\/p>\n<p><b>D\u00fcngung und Pflege<\/b><\/p>\n<ul>\n<li>D\u00fcngung: N\u00e4hrstoffversorgung im Rahmen der Fruchtfolge gen\u00fcgt.<\/li>\n<li>Krankheiten und Sch\u00e4dlinge: Septoria \u2013 Blattflecken, Falscher Mehltau<br \/>Nachtkerzenlaus, Erdfloh<br \/>Vogelfra\u00df an den Kapseln  kann zu Ertragseinbu\u00dfen f\u00fchren.<\/li>\n<li>Bestandespflege im \u00f6kologischen Landbau: Nach dem Auflaufen der Saat ist eine ein- bis zweimalige mechanische Unkrautbek\u00e4mpfung (Hackb\u00fcrste, Fingerhacke) erforderlich. Eine weitere mechanische Pflege bei Sommeraussaat muss auf jeden Fall im Fr\u00fchjahr erfolgen. Das Abflammen von Unkrautkeimlingen vor dem Auflaufen der Nachtkerze (max. 10 Tage nach Saattermin) oder zwischen den Reihen ist ebenfalls m\u00f6glich.<\/li>\n<li>Bestandespflege im integrierten Landbau: Zugelassene Herbizide f\u00fcr Nachtkerze gibt es nicht. Von ca. 20 gepr\u00fcften Herbiziden waren lediglich Treflan (3,0 l\/ha VSE), Basta (2,5 l\/ha VA) und Round up (3 l\/ha VA) vertr\u00e4glich.<br \/>Nach dem Auflaufen der Saat kann        eine mechanische Unkrautbek\u00e4mpfung (Hackb\u00fcrste, Fingerhacke) durchgef\u00fchrt werden, bzw. eine weitere mechanische Pflege im Fr\u00fchjahr. Beim Auftreten von Ausfallgetreide und von Gr\u00e4sern erwiesen sich Graminizide als vertr\u00e4glich. Aber Achtung: L\u00fcckenindikation! Anwendungsbestimmungen beachten!<\/li>\n<\/ul>\n<p><b>Ernte<\/b><br \/>Die Ernte erfolgt im Standm\u00e4hdrusch, wenn 75% der Kapseln  eine Braunf\u00e4rbung aufweisen. Heterogene Best\u00e4nde mit gr\u00fcnen Kapseln werden nach einer Frostperiode geerntet. Der Wassergehalt in den Samen soll unter 9% liegen, daher ist eine sofortige Reinigung und Trocknung erforderlich.<\/p>\n<p><b>Wertbestimmender Sameninhaltsstoff<\/b><br \/>\u00d6l  ca. 26 &#8211; 28 %, davon 8 \u2013 9,5% Gammalinolens\u00e4ure.<\/p>\n<p><b>Ertrag<\/b><br \/>Je nach Anbauverfahren und Kulturdauer sind Ertr\u00e4ge zwischen drei und 13 Dezitonnen (dt) pro Hektar m\u00f6glich.<\/p>\n<p><img SRC=\"https:\/\/renewable-carbon.eu\/news\/wp-content\/uploads\/news-images\/20080213-04\/NKErtraege.jpg\" align=\"left\" style=\"margin-right:10px;\" BORDER=\"0\" ALT=\"NKErtraege.jpg\"\/><br style=\"clear:left;\"\/><\/p>\n<p><i>Siehe auch <a href=\"https:\/\/renewable-carbon.eu\/news\/wp-content\/uploads\/news-images\/20080213-04\/Flyer-Anbau-NK-Ad_08.pdf\" >Informationsfaltblatt &#8216;Nachtkerze&#8217;<\/a> (PDF-Dokument)<\/i><\/p>\n<p><b>Kontakt<\/b><br \/>Dr. Lothar Adam <br \/>Im Hagen 36<br \/>14532 Kleinmachnow<br \/>Tel.: 033203-225 41  <br \/>E-Mail: <a href=\"mailto:nawaro.adam@arcor.de\">nawaro.adam@arcor.de<\/a><\/p>\n<p>(Vgl. Meldungen vom <a href=\"https:\/\/renewable-carbon.eu\/news\/videofilm-von-der-wildpflanze-zur-kulturpflanze-die-nachtkerze\/\" >2004-08-24<\/a>, <a href=\"https:\/\/renewable-carbon.eu\/news\/hochwertige-fettsaeuren-aus-lein-und-nachtkerzen\/\" >2004-07-21<\/a> und <a href=\"https:\/\/renewable-carbon.eu\/news\/anbau-von-nachtkerze-oenothera-biennis-l-zur-gewinnung-des-gamma-linolensaeurehaltigen-oeles\/\" >2002-07-05<\/a>.)<\/p>\n","protected":false},"excerpt":{"rendered":"<p><b>Die Nachtkerze ist seit ihrer Einb&uuml;rgerung in Europa vor &uuml;ber 300 Jahren vor allem als Wild- oder Gartenpflanze bekannt. Auf Grund des hohen Gehaltes an<\/b><\/p>\n","protected":false},"author":3,"featured_media":0,"comment_status":"closed","ping_status":"closed","sticky":false,"template":"","format":"standard","meta":{"_seopress_robots_primary_cat":"","nova_meta_subtitle":"","footnotes":""},"categories":[5572],"tags":[],"supplier":[],"class_list":["post-10623","post","type-post","status-publish","format-standard","hentry","category-bio-based"],"_links":{"self":[{"href":"https:\/\/renewable-carbon.eu\/news\/wp-json\/wp\/v2\/posts\/10623","targetHints":{"allow":["GET"]}}],"collection":[{"href":"https:\/\/renewable-carbon.eu\/news\/wp-json\/wp\/v2\/posts"}],"about":[{"href":"https:\/\/renewable-carbon.eu\/news\/wp-json\/wp\/v2\/types\/post"}],"author":[{"embeddable":true,"href":"https:\/\/renewable-carbon.eu\/news\/wp-json\/wp\/v2\/users\/3"}],"replies":[{"embeddable":true,"href":"https:\/\/renewable-carbon.eu\/news\/wp-json\/wp\/v2\/comments?post=10623"}],"version-history":[{"count":0,"href":"https:\/\/renewable-carbon.eu\/news\/wp-json\/wp\/v2\/posts\/10623\/revisions"}],"wp:attachment":[{"href":"https:\/\/renewable-carbon.eu\/news\/wp-json\/wp\/v2\/media?parent=10623"}],"wp:term":[{"taxonomy":"category","embeddable":true,"href":"https:\/\/renewable-carbon.eu\/news\/wp-json\/wp\/v2\/categories?post=10623"},{"taxonomy":"post_tag","embeddable":true,"href":"https:\/\/renewable-carbon.eu\/news\/wp-json\/wp\/v2\/tags?post=10623"},{"taxonomy":"supplier","embeddable":true,"href":"https:\/\/renewable-carbon.eu\/news\/wp-json\/wp\/v2\/supplier?post=10623"}],"curies":[{"name":"wp","href":"https:\/\/api.w.org\/{rel}","templated":true}]}}