{"id":10604,"date":"2007-11-08T00:00:00","date_gmt":"2007-11-07T22:00:00","guid":{"rendered":"http:\/\/www.bio-based.eu\/news\/index.php?startid=20071108-05n"},"modified":"2007-11-08T00:00:00","modified_gmt":"2007-11-07T22:00:00","slug":"avk-innovationspreise-zweimal-fuer-naturfaseranwendungen","status":"publish","type":"post","link":"https:\/\/renewable-carbon.eu\/news\/avk-innovationspreise-zweimal-fuer-naturfaseranwendungen\/","title":{"rendered":"AVK-Innovationspreise \u2013 zweimal f\u00fcr Naturfaseranwendungen"},"content":{"rendered":"<p><b>Auf dem Jahreskongress der Industrievereinigung Verst\u00e4rkte Kunststoffe (<a href=\"http:\/\/www.avk-frankfurt.de\/\" >AVK<\/a> e.V.) in Stuttgart wurden am 5. November Innovationspreise in verschiedenen Kategorien vergeben. Mit dem Innovationspreis w\u00fcrdigt der Verband allj\u00e4hrlich herausragende Entwicklungen auf dem Gebiet der verst\u00e4rkten Kunststoffe in den Kategorien Industrie, Umwelt und Universit\u00e4t.<\/b><\/p>\n<p>Wir m\u00f6chten hier nur die Preistr\u00e4ger vorstellen, die mit Naturfaseranwendungen punkten konnten.<\/p>\n<p><img SRC=\"https:\/\/renewable-carbon.eu\/news\/wp-content\/uploads\/news-images\/20071108-05\/AVK_pic10.jpg\" align=\"right\" style=\"margin-left:10px;\" BORDER=\"0\" ALT=\"AVK_pic10.jpg\"\/><b>AquaCell&reg; \u2013 Mit Wasser umweltfreundlich und kosteng\u00fcnstig sch\u00e4umen<\/b><br \/>Einen der beiden Industriepreise erhielt das AquaCell&reg;-Verfahren der <a href=\"http:\/\/www.moellergroup.com\/\" >M\u00f6ller Tech GmbH<\/a>, Bielefeld, Das Verfahren erlaubt die Herstellung physikalisch gesch\u00e4umter Kunststoffbauteile auf herk\u00f6mmlichen Spritzgie\u00dfmaschinen, wobei Wasser als umweltfreundliches und kosteng\u00fcnstiges Treibmittel dient. Aufgrund des speziellen Verdampfungs- und Abk\u00fchlverhaltens des Wassers bietet das Verfahren eine interessante Kombination aus hoher Gasausbeute und druckloser Entformung und damit einer k\u00fcrzeren Zykluszeit.<\/p>\n<p>Besonders vorteilhaft erweist sich AquaCell bei der Verarbeitung faserverst\u00e4rkter Polyolefine. Da keine Sondermaschinen notwendig sind, k\u00f6nnen gerade auch im Fall von Langglasfasern die bew\u00e4hrten Schneckenkonzepte eingesetzt werden.<\/p>\n<p>Das Problem, dass sich Wasser nicht wie die bisherigen Treibmittel in die Polymerschmelze einmischen l\u00e4sst, l\u00f6ste M\u00f6ller mit Hilfe feinteiliger Naturfasern als Tr\u00e4germaterial. Verwendet werden die holzigen Bestandteile von Faserhanf (sogenannte Sch\u00e4ben), die als Nebenprodukt bei der Herstellung der Fasern aus der Hanfpflanze anfallen und sich durch eine hohe Wasseraufnahme von mehreren hundert Gewichtsprozent auszeichnen. Die Vermischung von Polymergranulat, Sch\u00e4ben und Wasser erfolgt in einer speziell f\u00fcr diesen Zweck ausgelegten Mischvorrichtung. Es entsteht eine rieself\u00e4hige Mischung aus Granulat und feuchten Sch\u00e4ben, die zun\u00e4chst zwischengelagert und bei Bedarf mit einer F\u00f6rderschnecke auf die Spritzgie\u00dfmaschine \u00fcberf\u00fchrt wird.<\/p>\n<p><b>Kontakt<\/b><br \/>Leopold Schmidt<br \/>E-Mail: <a href=\"mailto:Leopold.Schmidt@moellergroup.com\">Leopold.Schmidt@moellergroup.com<\/a><br style=\"clear:left;\"\/><\/p>\n<p><img SRC=\"https:\/\/renewable-carbon.eu\/news\/wp-content\/uploads\/news-images\/20071108-05\/Johnson_Sitz1.jpg\" align=\"right\" style=\"margin-left:10px;\" BORDER=\"0\" ALT=\"Johnson_Sitz1.jpg\"\/><b>DUAL-FaserTec &#8211; Neuentwicklung von weichen Sitzpolstern mit horizontaler H\u00e4rteeinstellung<\/b><br \/>Den dritten Platz in der Kategorie &#8220;Umwelt&#8221; erhielt die Firma <a href=\"http:\/\/www.johnsoncontrols.com\/\" >Johnson Controls<\/a> GmbH &#038; Co. KG, Epselkamp, mit ihrem Naturfaser-Sitzelement. Das Dual-FaserTec Verfahren wurde entwickelt, um das Kaschieren der FaserTec-Polsterauflagen mit PU Weichschaum zu eliminieren. Hierbei standen insbesondere neben Komforteigenschaften auch \u00f6kologische wie \u00f6konomische Gr\u00fcnde im Vordergrund.<\/p>\n<p>Die Komforteigenschaften der Dual-FaserTec\u2013Posterauflagen sollten den Eigenschaften der kaschierten Polsterauflagen entsprechen. Hierbei war entscheidend, dass durch die Wahl unterschiedlicher Latexmischungen horizontale H\u00e4rteeinstellungen m\u00f6glich sind. Die dem Fahrer zugewande Polsterseite soll weich und komfortabel sein, um ein angenehmes Einsitzen zu erhalten. Bei tieferem Einsitzen soll allerdings die f\u00fcr das Produkt charakteristische Festigkeit zum Tragen kommen.<\/p>\n<p>Zus\u00e4tzlich zu den Komforteigenschaften spielen bei der Entwicklung die \u00f6kologischen und \u00f6konomischen Gr\u00fcnde eine wesentliche Rolle. Das Polstermaterial soll nicht aus verschiedenen Grundmaterialien bestehen, sondern aus Latex und Kokosfasern, die bei der Wiederaufbereitung nicht getrennt, sondern im Wiederverwertungsprozess zerkleinert und gemeinsam einem Neuprodukt zugeordnet werden k\u00f6nnen. Da durch die Verwendung unterschiedlicher Latexformulierungen die horizontale Zweizonenh\u00e4rte erreicht wird, kann der Kaschierprozess  mit PU-Weichschaum entfallen, was \u00f6konomisch preisg\u00fcnstiger ist, da ein Arbeitschritt in der Polsterherstellung entf\u00e4llt.<\/p>\n<p><b>Kontakt<\/b><br \/>Werner Klusmeier <br \/>E-Mail: <a href=\"mailto:werner.klusmeier@jci.com\">werner.klusmeier@jci.com<\/a><br style=\"clear:left;\"\/><\/p>\n<p><b>Industrievereinigung Verst\u00e4rkte Kunststoffe<\/b><br \/>Die Industrievereinigung Verst\u00e4rkte Kunststoffe (AVK) vertritt die Interessen der Erzeuger und Verarbeiter von verst\u00e4rkten und gef\u00fcllten Kunststoffen, technischen Duroplasten sowie deren Rohstofflieferanten auf nationaler und europ\u00e4ischer Ebene.<\/p>\n<p>(Vgl. Meldungen vom <a href=\"https:\/\/renewable-carbon.eu\/news\/johnson-controls-unveils-vehicle-seats-with-soy-based-pads\/\" >2007-02-23<\/a>, <a href=\"https:\/\/renewable-carbon.eu\/news\/nachwachsende-rohstoffe-im-automobil-experten-fordern-innovationen\/\" >2007-04-24<\/a> und <a href=\"https:\/\/renewable-carbon.eu\/news\/aufruf-zum-avk-innovationspreis-2007\/\" >2007-04-04<\/a>.)<\/p>\n","protected":false},"excerpt":{"rendered":"<p><b>Auf dem Jahreskongress der Industrievereinigung Verst&auml;rkte Kunststoffe (AVK e.V.) in Stuttgart wurden am 5. November Innovationspreise in verschiedenen Kategorien vergeben. Mit dem Innovationspreis w&uuml;rdigt der<\/b><\/p>\n","protected":false},"author":3,"featured_media":0,"comment_status":"closed","ping_status":"closed","sticky":false,"template":"","format":"standard","meta":{"_seopress_robots_primary_cat":"","nova_meta_subtitle":"","footnotes":""},"categories":[5572],"tags":[],"supplier":[],"class_list":["post-10604","post","type-post","status-publish","format-standard","hentry","category-bio-based"],"_links":{"self":[{"href":"https:\/\/renewable-carbon.eu\/news\/wp-json\/wp\/v2\/posts\/10604","targetHints":{"allow":["GET"]}}],"collection":[{"href":"https:\/\/renewable-carbon.eu\/news\/wp-json\/wp\/v2\/posts"}],"about":[{"href":"https:\/\/renewable-carbon.eu\/news\/wp-json\/wp\/v2\/types\/post"}],"author":[{"embeddable":true,"href":"https:\/\/renewable-carbon.eu\/news\/wp-json\/wp\/v2\/users\/3"}],"replies":[{"embeddable":true,"href":"https:\/\/renewable-carbon.eu\/news\/wp-json\/wp\/v2\/comments?post=10604"}],"version-history":[{"count":0,"href":"https:\/\/renewable-carbon.eu\/news\/wp-json\/wp\/v2\/posts\/10604\/revisions"}],"wp:attachment":[{"href":"https:\/\/renewable-carbon.eu\/news\/wp-json\/wp\/v2\/media?parent=10604"}],"wp:term":[{"taxonomy":"category","embeddable":true,"href":"https:\/\/renewable-carbon.eu\/news\/wp-json\/wp\/v2\/categories?post=10604"},{"taxonomy":"post_tag","embeddable":true,"href":"https:\/\/renewable-carbon.eu\/news\/wp-json\/wp\/v2\/tags?post=10604"},{"taxonomy":"supplier","embeddable":true,"href":"https:\/\/renewable-carbon.eu\/news\/wp-json\/wp\/v2\/supplier?post=10604"}],"curies":[{"name":"wp","href":"https:\/\/api.w.org\/{rel}","templated":true}]}}