{"id":10589,"date":"2007-11-15T00:00:00","date_gmt":"2007-11-14T22:00:00","guid":{"rendered":"http:\/\/www.bio-based.eu\/news\/index.php?startid=20071115-07n"},"modified":"2007-11-15T00:00:00","modified_gmt":"2007-11-14T22:00:00","slug":"fal-brandschutzsalze-bei-nawaro-daemmstoffen-auch-weiterhin-noetig","status":"publish","type":"post","link":"https:\/\/renewable-carbon.eu\/news\/fal-brandschutzsalze-bei-nawaro-daemmstoffen-auch-weiterhin-noetig\/","title":{"rendered":"FAL: Brandschutzsalze bei Nawaro-D\u00e4mmstoffen auch weiterhin n\u00f6tig"},"content":{"rendered":"<p>In einem Projekt der Bundesforschungsanstalt f\u00fcr Landwirtschaft (<a href=\"http:\/\/www.fal.de\/\" >FAL<\/a>), gef\u00f6rdert durch die Fachagentur Nachwachsende Rohstoffe (<a href=\"http:\/\/www.fnr.de\/\" >FNR<\/a>), wurde der Einfluss der verwendeten Brandschutzsalze auf die W\u00e4rmeleitf\u00e4higkeit und das Feuchteverhalten der D\u00e4mmstoffe untersucht. Es zeigte sich, dass ein eindeutiger Einfluss derzeit nicht nachweisbar ist. Die Ursache hierf\u00fcr liegt zum gro\u00dfen Teil in den nat\u00fcrlichen Inhomogenit\u00e4ten der Fasern. Da der Brandschutz Priorit\u00e4t hat, lassen sich die bisher verwendeten Mengen an Brandschutzsalzen nach aktuellem Kenntnisstand nicht reduzieren.<\/p>\n<p><img SRC=\"https:\/\/renewable-carbon.eu\/news\/wp-content\/uploads\/news-images\/20071115-07\/newsimage.jpg\" align=\"right\" style=\"margin-left:10px;\" BORDER=\"0\" ALT=\"newsimage.jpg\"\/>Dieses Thema sowie Entwicklungen zu Pr\u00e4zisionsberegnungstechniken in der Landwirtschaft wurden auf der <a href=\"http:\/\/www.ideen-expo.de\/\" >IdeenExpo<\/a> im Oktober 2007 in Hannover mit gro\u00dfem Erfolg der breiten \u00d6ffentlichkeit vorgestellt. Auch der Nieders\u00e4chsische Landwirtschaftsminister Hans-Heinrich Ehlen zeigte gro\u00dfes Interesse an den Forschungsideen des Instituts f\u00fcr Betriebstechnik und Bauforschung der Braunschweiger FAL.<\/p>\n<p><i>Pressemitteilung <a href=\"http:\/\/www.idw-online.de\/pages\/de\/news235369\" >Neue FAL-Ideen f\u00fcr Pr\u00e4zisionsberegnungstechniken und f\u00fcr Umweltschutz durch den Einsatz nachwachsender Rohstoffe als D\u00e4mmstoffe<\/a>.<\/i><\/p>\n<p><b>Kontakt<\/b><br \/>Hans-Heinrich Th\u00f6rmann, Hanj\u00f6rg Wieland, Franz-Josef Bockisch<br \/>Bundesforschungsanstalt f\u00fcr Landwirtschaft (FAL)<br \/>Institut f\u00fcr Betriebstechnik und Bauforschung<br \/>Bundesallee 50<br \/>38116 Braunschweig<br \/>Tel.: 0531-596-44 96<br \/>E-Mail: <a href=\"mailto:hans.thoermann@fal.de\">hans.thoermann@fal.de<\/a><\/p>\n<p>(Vgl. Meldung vom <a href=\"https:\/\/renewable-carbon.eu\/news\/daemmstoff-aus-feuerfestem-flachs-vor-serienproduktion\/\" >2000-03-08<\/a>.)<\/p>\n","protected":false},"excerpt":{"rendered":"<p>In einem Projekt der Bundesforschungsanstalt f&uuml;r Landwirtschaft (FAL), gef&ouml;rdert durch die Fachagentur Nachwachsende Rohstoffe (FNR), wurde der Einfluss der verwendeten Brandschutzsalze auf die W&auml;rmeleitf&auml;higkeit und<\/p>\n","protected":false},"author":3,"featured_media":0,"comment_status":"closed","ping_status":"closed","sticky":false,"template":"","format":"standard","meta":{"_seopress_robots_primary_cat":"","nova_meta_subtitle":"","footnotes":""},"categories":[5572],"tags":[],"supplier":[],"class_list":["post-10589","post","type-post","status-publish","format-standard","hentry","category-bio-based"],"_links":{"self":[{"href":"https:\/\/renewable-carbon.eu\/news\/wp-json\/wp\/v2\/posts\/10589","targetHints":{"allow":["GET"]}}],"collection":[{"href":"https:\/\/renewable-carbon.eu\/news\/wp-json\/wp\/v2\/posts"}],"about":[{"href":"https:\/\/renewable-carbon.eu\/news\/wp-json\/wp\/v2\/types\/post"}],"author":[{"embeddable":true,"href":"https:\/\/renewable-carbon.eu\/news\/wp-json\/wp\/v2\/users\/3"}],"replies":[{"embeddable":true,"href":"https:\/\/renewable-carbon.eu\/news\/wp-json\/wp\/v2\/comments?post=10589"}],"version-history":[{"count":0,"href":"https:\/\/renewable-carbon.eu\/news\/wp-json\/wp\/v2\/posts\/10589\/revisions"}],"wp:attachment":[{"href":"https:\/\/renewable-carbon.eu\/news\/wp-json\/wp\/v2\/media?parent=10589"}],"wp:term":[{"taxonomy":"category","embeddable":true,"href":"https:\/\/renewable-carbon.eu\/news\/wp-json\/wp\/v2\/categories?post=10589"},{"taxonomy":"post_tag","embeddable":true,"href":"https:\/\/renewable-carbon.eu\/news\/wp-json\/wp\/v2\/tags?post=10589"},{"taxonomy":"supplier","embeddable":true,"href":"https:\/\/renewable-carbon.eu\/news\/wp-json\/wp\/v2\/supplier?post=10589"}],"curies":[{"name":"wp","href":"https:\/\/api.w.org\/{rel}","templated":true}]}}