{"id":10585,"date":"2007-11-16T00:00:00","date_gmt":"2007-11-15T22:00:00","guid":{"rendered":"http:\/\/www.bio-based.eu\/news\/index.php?startid=20071116-02n"},"modified":"2007-11-16T00:00:00","modified_gmt":"2007-11-15T22:00:00","slug":"biofolien-im-supermarkt-auf-dem-vormarsch","status":"publish","type":"post","link":"https:\/\/renewable-carbon.eu\/news\/biofolien-im-supermarkt-auf-dem-vormarsch\/","title":{"rendered":"Biofolien im Supermarkt auf dem Vormarsch"},"content":{"rendered":"<p><b>Verpackungsfolien und Einkaufst\u00fcten aus nachwachsenden Rohstoffen gewinnen zunehmende Pr\u00e4senz in den Lebensmittelm\u00e4rkten. Zwei aktuelle Beispiele: Der Nudelhersteller <a href=\"http:\/\/www.birkel.de\/\" >Birkel<\/a> verpackt sein Bio-Sortimet in PLA-Folie; in Spanien bietet die Supermarktkette <a href=\"http:\/\/www.alcampo.es\/\" >Alcampo<\/a> in allen Filialen Einkaufst\u00fcten aus Maisst\u00e4rke an.<\/b><\/p>\n<p><img SRC=\"https:\/\/renewable-carbon.eu\/news\/wp-content\/uploads\/news-images\/20071116-02\/Birkel_Bio_Hoernchen.jpg\" align=\"left\" style=\"margin-right:10px;\" BORDER=\"0\" ALT=\"Birkel_Bio_Hoernchen.jpg\"\/><b>Biofolie f\u00fcr Bionudeln<\/b><br \/>Mit Birkel bietet zum ersten Mal ein Markenhersteller Bionudeln in einer Biofolie an. &#8220;Als Markenartikler k\u00f6nnen wir an dieser Entwicklung nicht vorbeigehen&#8221;, erkl\u00e4rt Thomas Schmid, Product Manager bei Birkel und dort verantwortlich f\u00fcr das Segment. Seit M\u00e4rz 2007 sind die Bionudeln bundesweit erh\u00e4ltlich &#8211; konsequent verpackt in einer aus nachwachsenden Rohstoffen hergestellten, kompostierbaren Folie. Mit diesem, in dieser Form f\u00fcr den deutschen Markt neuen Bio-Gesamtkonzept will Birkel Ressourcen schonen und seinen Kunden zus\u00e4tzlich einen besonderen Nutzen bieten: neben einem hochwertigen Produkt das gute Gewissen, durch den Kauf der &#8220;Rundum-Bio-Nudel&#8221; zum Umweltschutz beizutragen.<\/p>\n<p>Die verwendete Bioverpackungsfolie ist aus nachwachsenden Rohstoffen auf Zellulosebasis aus kontrolliertem Anbau hergestellt und somit zertifiziert nach den europ\u00e4ischen (EN 13432:2000) und den US-amerikanischen (ASTM D6400-99) Normen f\u00fcr Kompostierung. Bedruckt wird sie nach einer speziellen Vorbehandlung hochwertig im 8-Farben-Flexodruck von dem Spezialisten f\u00fcr Kunststoffverpackungen, Kobusch-Sengewald. Die Kunst ist, die unkaschierte Monofolie so zu bedrucken, dass die Farbe eine gute Haftung auf der Folie entwickelt. Au\u00dferdem darf der gesamte Anteil von f\u00fcnf Prozent nicht-kompostierbaren Materials an der gesamten Verpackung nicht \u00fcberschritten werden. Da diese Verpackung der Pr\u00fcfnorm entspricht, darf sie mit dem gesch\u00fctzten Keimling-Logo versehen werden, das sie als kompostierbar auszeichnet.<\/p>\n<p>Kobusch-Sengewald hat dar\u00fcber hinaus aufgrund der wachsenden Nachfrage eine extrudierte Folie aus PLA-Blend im Programm, die biologisch abbaubar und kompostierbar ist. Die endg\u00fcltigen Zertifizierungen werden noch einige Zeit in Anspruch nehmen. Momentan ist die Folie in wei\u00df, farbig oder opak erh\u00e4ltlich. Die transparente Version ist in Vorbereitung.<\/p>\n<p><b>Spanischer Supermarkt startet \u00d6ko-Offensive<\/b><br \/>Erstmals in Spanien bietet die in Madrid ans\u00e4ssige Supermarktkette Alcampo seit einigen Wochen biologisch abbaubare Einkaufst\u00fcten aus Kartoffelst\u00e4rke an. Laut Alcampo unterscheidet sich die T\u00fcte \u00e4u\u00dferlich nicht von den herk\u00f6mmlichen Kunststofft\u00fcten. Sie sei jedoch wiederverwendbar, recyclingf\u00e4hig, biologisch abbaubar und kompostierbar. Entsorgt werden solle sie \u00fcber den Kompostabfall in den Haushalten. Hersteller der neuen T\u00fcte ist die aragonesische Firma Sphere Group Spain. Alampo berichtet, dass die bis zu 15 kg Gewicht fassenden T\u00fcten in allen Filialen zum Preis von 39 Cent verkauft werden.<\/p>\n<p>Zahlreiche St\u00e4dte und Regionen wollen den Verbrauch herk\u00f6mmlicher Plastikt\u00fcten k\u00fcnftig einschr\u00e4nken oder unterbinden.<\/p>\n<p>(Vgl. Meldungen vom <a href=\"https:\/\/renewable-carbon.eu\/news\/bio-verpackungen-auf-dem-vormarsch\/\" >2007-02-12<\/a> und <a href=\"https:\/\/renewable-carbon.eu\/news\/zur-diskussion-kompostierung-von-biokunststoffen-ermoeglichen\/\" >2006-12-13<\/a>.)<\/p>\n","protected":false},"excerpt":{"rendered":"<p><b>Verpackungsfolien und Einkaufst&uuml;ten aus nachwachsenden Rohstoffen gewinnen zunehmende Pr&auml;senz in den Lebensmittelm&auml;rkten. Zwei aktuelle Beispiele: Der Nudelhersteller Birkel verpackt sein Bio-Sortimet in PLA-Folie; in Spanien<\/b><\/p>\n","protected":false},"author":3,"featured_media":0,"comment_status":"closed","ping_status":"closed","sticky":false,"template":"","format":"standard","meta":{"_seopress_robots_primary_cat":"","nova_meta_subtitle":"","footnotes":""},"categories":[5572],"tags":[],"supplier":[],"class_list":["post-10585","post","type-post","status-publish","format-standard","hentry","category-bio-based"],"_links":{"self":[{"href":"https:\/\/renewable-carbon.eu\/news\/wp-json\/wp\/v2\/posts\/10585","targetHints":{"allow":["GET"]}}],"collection":[{"href":"https:\/\/renewable-carbon.eu\/news\/wp-json\/wp\/v2\/posts"}],"about":[{"href":"https:\/\/renewable-carbon.eu\/news\/wp-json\/wp\/v2\/types\/post"}],"author":[{"embeddable":true,"href":"https:\/\/renewable-carbon.eu\/news\/wp-json\/wp\/v2\/users\/3"}],"replies":[{"embeddable":true,"href":"https:\/\/renewable-carbon.eu\/news\/wp-json\/wp\/v2\/comments?post=10585"}],"version-history":[{"count":0,"href":"https:\/\/renewable-carbon.eu\/news\/wp-json\/wp\/v2\/posts\/10585\/revisions"}],"wp:attachment":[{"href":"https:\/\/renewable-carbon.eu\/news\/wp-json\/wp\/v2\/media?parent=10585"}],"wp:term":[{"taxonomy":"category","embeddable":true,"href":"https:\/\/renewable-carbon.eu\/news\/wp-json\/wp\/v2\/categories?post=10585"},{"taxonomy":"post_tag","embeddable":true,"href":"https:\/\/renewable-carbon.eu\/news\/wp-json\/wp\/v2\/tags?post=10585"},{"taxonomy":"supplier","embeddable":true,"href":"https:\/\/renewable-carbon.eu\/news\/wp-json\/wp\/v2\/supplier?post=10585"}],"curies":[{"name":"wp","href":"https:\/\/api.w.org\/{rel}","templated":true}]}}