{"id":10577,"date":"2007-11-21T00:00:00","date_gmt":"2007-11-20T22:00:00","guid":{"rendered":"http:\/\/www.bio-based.eu\/news\/index.php?startid=20071121-03n"},"modified":"2007-11-21T00:00:00","modified_gmt":"2007-11-20T22:00:00","slug":"fnr-unter-neuer-fuehrung","status":"publish","type":"post","link":"https:\/\/renewable-carbon.eu\/news\/fnr-unter-neuer-fuehrung\/","title":{"rendered":"FNR unter neuer F\u00fchrung"},"content":{"rendered":"<p><b>Kompetenz aus Agrarpolitik und Industrie sorgen auch im neuen Vorstand der Fachagentur Nachwachsende Rohstoffe (<a href=\"http:\/\/www.fnr.de\/\" >FNR<\/a>) e.V. f\u00fcr zielgerichtetes Arbeiten. Dem Vorsitzenden Dr. Klaus Kliem assistiert Dr. J\u00f6rg Rothermel als Stellvertreter. Neu im sechsk\u00f6pfigen Gremium ist der Parlamentarier Peter Bleser. Als Vorsitzender der landwirtschaftlichen Arbeitsgruppe der CDU\/CSU-Bundestagsfraktion, aber auch als Landwirt sind ihm die nachwachsenden Rohstoffe nicht neu.<\/b><\/p>\n<p>Dr. Kliem, Pr\u00e4sident des Th\u00fcringer Bauernverbandes und Vorsitzender der <a href=\"http:\/\/www.ufop.de\/\" >Ufop<\/a>, leitete die Geschicke der FNR bereits von 1998 bis 2004. Er l\u00f6st Dr. Rothermel vom Verband der Chemischen Industrie (<a href=\"http:\/\/www.vci.de\/\" >VCI<\/a>) turnusgem\u00e4\u00df f\u00fcr die kommenden drei Jahre ab. Von der Mitgliederversammlung best\u00e4tigt wurden zudem die Vorstandsmitglieder Dirk Alfter (<a href=\"http:\/\/www.holzabsatzfonds.de\/\" >Holzabsatzfonds<\/a>) und Karsten Pellnitz (<a href=\"http:\/\/www.lu.mv-regierung.de\/\" >Ministerium f\u00fcr Landwirtschaft, Umwelt und Verbraucherschutz Mecklenburg-Vorpommern<\/a>). Clemens Neumann, Abeilungsleiter im Bundesministerium f\u00fcr Ern\u00e4hrung, Landwirtschaft und Verbraucherschutz (<a href=\"http:\/\/www.bmelv.de\/\" >BMELV<\/a>), ist als Vertreter des Ministeriums satzungsgem\u00e4\u00df im Vorstand vertreten. <\/p>\n<p>(Vgl. Meldungen vom <a href=\"https:\/\/renewable-carbon.eu\/news\/fnr-infobrief-oktober-2007\/\" >2007-10-16<\/a> und <a href=\"https:\/\/renewable-carbon.eu\/news\/fnr-legt-jahresbericht-20052006-vor\/\" >2007-01-25<\/a>.)<\/p>\n","protected":false},"excerpt":{"rendered":"<p><b>Kompetenz aus Agrarpolitik und Industrie sorgen auch im neuen Vorstand der Fachagentur Nachwachsende Rohstoffe (FNR) e.V. f&uuml;r zielgerichtetes Arbeiten. Dem Vorsitzenden Dr. Klaus Kliem assistiert<\/b><\/p>\n","protected":false},"author":3,"featured_media":0,"comment_status":"closed","ping_status":"closed","sticky":false,"template":"","format":"standard","meta":{"_seopress_robots_primary_cat":"","nova_meta_subtitle":"","footnotes":""},"categories":[5572],"tags":[],"supplier":[],"class_list":["post-10577","post","type-post","status-publish","format-standard","hentry","category-bio-based"],"_links":{"self":[{"href":"https:\/\/renewable-carbon.eu\/news\/wp-json\/wp\/v2\/posts\/10577","targetHints":{"allow":["GET"]}}],"collection":[{"href":"https:\/\/renewable-carbon.eu\/news\/wp-json\/wp\/v2\/posts"}],"about":[{"href":"https:\/\/renewable-carbon.eu\/news\/wp-json\/wp\/v2\/types\/post"}],"author":[{"embeddable":true,"href":"https:\/\/renewable-carbon.eu\/news\/wp-json\/wp\/v2\/users\/3"}],"replies":[{"embeddable":true,"href":"https:\/\/renewable-carbon.eu\/news\/wp-json\/wp\/v2\/comments?post=10577"}],"version-history":[{"count":0,"href":"https:\/\/renewable-carbon.eu\/news\/wp-json\/wp\/v2\/posts\/10577\/revisions"}],"wp:attachment":[{"href":"https:\/\/renewable-carbon.eu\/news\/wp-json\/wp\/v2\/media?parent=10577"}],"wp:term":[{"taxonomy":"category","embeddable":true,"href":"https:\/\/renewable-carbon.eu\/news\/wp-json\/wp\/v2\/categories?post=10577"},{"taxonomy":"post_tag","embeddable":true,"href":"https:\/\/renewable-carbon.eu\/news\/wp-json\/wp\/v2\/tags?post=10577"},{"taxonomy":"supplier","embeddable":true,"href":"https:\/\/renewable-carbon.eu\/news\/wp-json\/wp\/v2\/supplier?post=10577"}],"curies":[{"name":"wp","href":"https:\/\/api.w.org\/{rel}","templated":true}]}}