{"id":10556,"date":"2007-11-28T00:00:00","date_gmt":"2007-11-27T22:00:00","guid":{"rendered":"http:\/\/www.bio-based.eu\/news\/index.php?startid=20071128-11n"},"modified":"2007-11-28T00:00:00","modified_gmt":"2007-11-27T22:00:00","slug":"forschung-fasern-aus-viren-fuer-elektronik-komponenten","status":"publish","type":"post","link":"https:\/\/renewable-carbon.eu\/news\/forschung-fasern-aus-viren-fuer-elektronik-komponenten\/","title":{"rendered":"Forschung: Fasern aus Viren f\u00fcr Elektronik-Komponenten"},"content":{"rendered":"<p><b>Eine Forschergruppe im Labor von Angela Belcher am <a href=\"http:\/\/web.mit.edu\/\" >MIT<\/a> besch\u00e4ftigt sich derzeit mit der Erzeugung von Fasern aus harmlosen Viren f\u00fcr Elektronik-Komponenten. Grundlage f\u00fcr die Erzeugung solcher Fasern stellt die F\u00e4higkeit von Viren dar, geordnete Muster zu bilden und Bindungen mit fast beliebigen anorganischen Stoffen einzugehen. Nach Angaben der <a href=\"http:\/\/www.technologyreview.com\/\" >Technology Review<\/a> (12\/07) k\u00f6nnten durch die Entdeckung dieser Grundlage Entwicklungen von Materialien mit neuartigen Funktionen entstehen.<\/b><\/p>\n<p>Belcher ist es gelungen, sehr d\u00fcnne Fasern aus Viren zu erzeugen, die unter UV-Licht rot leuchten. Dieser Effekt wird durch winzige Halbleiterkristalle (Quantenpunkte) hervorgerufen. Die Anlagerung der Quantenpunkte wurde durch die genetische Ver\u00e4nderung der Viren optimiert, so dass sich jeweils hunderte Quantenpunkte an sie anlagern k\u00f6nnen. Die Verbindung einzelner Viren zu Fasern erfolgt mit einer so genannten &#8220;Spinning&#8221; Methode. Dabei werden die Viren in hoher Konzentration mittels einer Spritze in eine L\u00f6sung injiziert. Die Bindung der Viren miteinander erfolgt ohne \u00e4u\u00dfere Beeinflussung. Die Faserdicke bzw. der Faserdurchmesser kann dabei durch die Injektionsgeschwindigkeit der Viren in die L\u00f6sung beeinflusst werden. Die Zugabe des anorganischen Materials f\u00fcr die Beschichtung kann vor oder nach der Injektion erfolgen. Die Viren werden genetisch in einem Trial-and-Error-Verfahren so modifiziert, dass sie sich an den zu bindenden Stoff anlagern k\u00f6nnen.<\/p>\n<p>Experten sch\u00e4tzen, dass es wahrscheinlich noch Jahrzehnte dauern kann, bis Produkte aus derartigen Anwendungen auf dem Markt erscheinen. Das Interesse, zurzeit vor allem von Forschern aus den USA, ist jedoch bereits geweckt. Sie denken z.B. an Uniform-Stoffe, in denen derartige Fasern eingearbeitet sind und als Sensor f\u00fcr biologische und chemische Waffen funktionieren k\u00f6nnen. Ebenso besteht die Vision, Solarzellen oder Akkus f\u00fcr die Stromversorgung von Ger\u00e4ten durch die Viren-Fasern fest in Kleidung zu integrieren.<\/p>\n<p><i><a href=\"https:\/\/renewable-carbon.eu\/news\/wp-content\/uploads\/news-images\/20071128-11\/presseportal_1088411.pdf\" >Pressemitteilung des Technology Review vom 2007-11-21<\/a> (PDF-Dokument)<\/i><\/p>\n","protected":false},"excerpt":{"rendered":"<p><b>Eine Forschergruppe im Labor von Angela Belcher am MIT besch&auml;ftigt sich derzeit mit der Erzeugung von Fasern aus harmlosen Viren f&uuml;r Elektronik-Komponenten. Grundlage f&uuml;r die<\/b><\/p>\n","protected":false},"author":3,"featured_media":0,"comment_status":"closed","ping_status":"closed","sticky":false,"template":"","format":"standard","meta":{"_seopress_robots_primary_cat":"","nova_meta_subtitle":"","footnotes":""},"categories":[5572],"tags":[],"supplier":[],"class_list":["post-10556","post","type-post","status-publish","format-standard","hentry","category-bio-based"],"_links":{"self":[{"href":"https:\/\/renewable-carbon.eu\/news\/wp-json\/wp\/v2\/posts\/10556","targetHints":{"allow":["GET"]}}],"collection":[{"href":"https:\/\/renewable-carbon.eu\/news\/wp-json\/wp\/v2\/posts"}],"about":[{"href":"https:\/\/renewable-carbon.eu\/news\/wp-json\/wp\/v2\/types\/post"}],"author":[{"embeddable":true,"href":"https:\/\/renewable-carbon.eu\/news\/wp-json\/wp\/v2\/users\/3"}],"replies":[{"embeddable":true,"href":"https:\/\/renewable-carbon.eu\/news\/wp-json\/wp\/v2\/comments?post=10556"}],"version-history":[{"count":0,"href":"https:\/\/renewable-carbon.eu\/news\/wp-json\/wp\/v2\/posts\/10556\/revisions"}],"wp:attachment":[{"href":"https:\/\/renewable-carbon.eu\/news\/wp-json\/wp\/v2\/media?parent=10556"}],"wp:term":[{"taxonomy":"category","embeddable":true,"href":"https:\/\/renewable-carbon.eu\/news\/wp-json\/wp\/v2\/categories?post=10556"},{"taxonomy":"post_tag","embeddable":true,"href":"https:\/\/renewable-carbon.eu\/news\/wp-json\/wp\/v2\/tags?post=10556"},{"taxonomy":"supplier","embeddable":true,"href":"https:\/\/renewable-carbon.eu\/news\/wp-json\/wp\/v2\/supplier?post=10556"}],"curies":[{"name":"wp","href":"https:\/\/api.w.org\/{rel}","templated":true}]}}