{"id":10550,"date":"2007-12-03T00:00:00","date_gmt":"2007-12-02T22:00:00","guid":{"rendered":"http:\/\/www.bio-based.eu\/news\/index.php?startid=20071203-04n"},"modified":"2007-12-03T00:00:00","modified_gmt":"2007-12-02T22:00:00","slug":"bundesrat-fordert-vorrang-fuer-biogaseinspeisung","status":"publish","type":"post","link":"https:\/\/renewable-carbon.eu\/news\/bundesrat-fordert-vorrang-fuer-biogaseinspeisung\/","title":{"rendered":"Bundesrat fordert Vorrang f\u00fcr Biogaseinspeisung"},"content":{"rendered":"<p><img SRC=\"https:\/\/renewable-carbon.eu\/news\/wp-content\/uploads\/news-images\/20071203-04\/9propertyposter.jpg\" align=\"left\" style=\"margin-right:10px;\" BORDER=\"0\" ALT=\"9propertyposter.jpg\"\/><b>In einer am 30. November gefassten Entschlie\u00dfung setzt sich der <a href=\"http:\/\/www.bundesrat.de\/\" >Bundesrat<\/a> auf Antrag des Landes Niedersachsen f\u00fcr verbesserte Rahmenbedingungen zur Einspeisung von Biogas in das allgemeine Erdgasnetz ein. Er bittet die Bundesregierung, die rechtlichen Voraussetzungen so zu gestalten, dass eine Vorrangl\u00f6sung f\u00fcr die Abnahme des aufbereiteten Biogases tats\u00e4chlich erzielt wird. Durch die Einspeisung von Biogas k\u00f6nnten zus\u00e4tzliche Potenziale f\u00fcr den Einsatz erneuerbarer Energien in der Kraftw\u00e4rmekopplung erschlossen und damit ein verbesserter Gesamtwirkungsgrad erreicht werden.<\/b><\/p>\n<p>Der Bundesrat fordert zudem, weitere wirtschaftliche F\u00f6rderinstrumente f\u00fcr die Nutzung von Biogas als Kraftstoff zu entwickeln. Gegen\u00fcber der geringen Besteuerung von Erdgas biete die derzeitige Steuerbefreiung f\u00fcr Biogas als Kraftstoff keinen ausreichenden Anreiz, hei\u00dft es in der Begr\u00fcndung.<br style=\"clear:left;\"\/><br \/><b>Weitere Informationen<\/b><br \/><a href=\"https:\/\/renewable-carbon.eu\/news\/wp-content\/uploads\/news-images\/20071203-04\/731-07(B).pdf\" >Entschlie\u00dfung des Bundesrates zur Erleichterung der Einspeisung von Biogas in das allgemeine Erdgasnetz.<\/a> (PDF-Dokument)<\/p>\n<p>(Vgl. Meldungen vom <a href=\"https:\/\/renewable-carbon.eu\/news\/aktueller-stand-der-einspeisung-von-bioerdgas-in-deutschland\/\" >2007-07-27<\/a>, <a href=\"https:\/\/renewable-carbon.eu\/news\/ewe-steigt-in-biogasaufbereitung-ein\/\" >2007-11-14<\/a> und <a href=\"https:\/\/renewable-carbon.eu\/news\/lichtblick-liefert-erdgas-mit-5-biogasanteil\/\" >2007-09-17<\/a>.)<\/p>\n","protected":false},"excerpt":{"rendered":"<p><b>In einer am 30. November gefassten Entschlie&szlig;ung setzt sich der Bundesrat auf Antrag des Landes Niedersachsen f&uuml;r verbesserte Rahmenbedingungen zur Einspeisung von Biogas in das<\/b><\/p>\n","protected":false},"author":3,"featured_media":0,"comment_status":"closed","ping_status":"closed","sticky":false,"template":"","format":"standard","meta":{"_seopress_robots_primary_cat":"","nova_meta_subtitle":"","footnotes":""},"categories":[5572],"tags":[],"supplier":[],"class_list":["post-10550","post","type-post","status-publish","format-standard","hentry","category-bio-based"],"_links":{"self":[{"href":"https:\/\/renewable-carbon.eu\/news\/wp-json\/wp\/v2\/posts\/10550","targetHints":{"allow":["GET"]}}],"collection":[{"href":"https:\/\/renewable-carbon.eu\/news\/wp-json\/wp\/v2\/posts"}],"about":[{"href":"https:\/\/renewable-carbon.eu\/news\/wp-json\/wp\/v2\/types\/post"}],"author":[{"embeddable":true,"href":"https:\/\/renewable-carbon.eu\/news\/wp-json\/wp\/v2\/users\/3"}],"replies":[{"embeddable":true,"href":"https:\/\/renewable-carbon.eu\/news\/wp-json\/wp\/v2\/comments?post=10550"}],"version-history":[{"count":0,"href":"https:\/\/renewable-carbon.eu\/news\/wp-json\/wp\/v2\/posts\/10550\/revisions"}],"wp:attachment":[{"href":"https:\/\/renewable-carbon.eu\/news\/wp-json\/wp\/v2\/media?parent=10550"}],"wp:term":[{"taxonomy":"category","embeddable":true,"href":"https:\/\/renewable-carbon.eu\/news\/wp-json\/wp\/v2\/categories?post=10550"},{"taxonomy":"post_tag","embeddable":true,"href":"https:\/\/renewable-carbon.eu\/news\/wp-json\/wp\/v2\/tags?post=10550"},{"taxonomy":"supplier","embeddable":true,"href":"https:\/\/renewable-carbon.eu\/news\/wp-json\/wp\/v2\/supplier?post=10550"}],"curies":[{"name":"wp","href":"https:\/\/api.w.org\/{rel}","templated":true}]}}