{"id":10535,"date":"2007-12-11T00:00:00","date_gmt":"2007-12-10T22:00:00","guid":{"rendered":"http:\/\/www.bio-based.eu\/news\/index.php?startid=20071211-07n"},"modified":"2007-12-11T00:00:00","modified_gmt":"2007-12-10T22:00:00","slug":"jeder-50-weihnachtsbaum-ist-geklaut","status":"publish","type":"post","link":"https:\/\/renewable-carbon.eu\/news\/jeder-50-weihnachtsbaum-ist-geklaut\/","title":{"rendered":"Jeder 50. Weihnachtsbaum ist geklaut"},"content":{"rendered":"<p>Rund 500.000 der etwa 25 Millionen Christb\u00e4ume, die in diesem Jahr bundesdeutsche Wohnzimmer erhellen, werden nach Sch\u00e4tzungen der Arbeitsgemeinschaft Deutscher Waldbesitzerverb\u00e4nde (<a href=\"http:\/\/www.waldbesitzerverbaende.de\/\" >ADW<\/a>) illegal gef\u00e4llt sein. Waldbesitzern und H\u00e4ndlern entstehe dadurch ein Schaden von 20 Millionen Euro, so Verbandssprecher Hans Ludwig K\u00f6rner gegen\u00fcber der <a href=\"http:\/\/www.waz.de\/\" >Westdeutschen Allgemeinen Zeitung<\/a>.<\/p>\n<p>Neben professionellen Dieben, die nachts im Wald Hunderte von B\u00e4umen abholzen, gebe es einzelne, die aus Geldmangel Einzelb\u00e4ume illegal schlagen, aber auch Familienv\u00e4ter, die den Diebstahl als Sport ansehen.<\/p>\n","protected":false},"excerpt":{"rendered":"<p>Rund 500.000 der etwa 25 Millionen Christb&auml;ume, die in diesem Jahr bundesdeutsche Wohnzimmer erhellen, werden nach Sch&auml;tzungen der Arbeitsgemeinschaft Deutscher Waldbesitzerverb&auml;nde (ADW) illegal gef&auml;llt sein.<\/p>\n","protected":false},"author":3,"featured_media":0,"comment_status":"closed","ping_status":"closed","sticky":false,"template":"","format":"standard","meta":{"_seopress_robots_primary_cat":"","nova_meta_subtitle":"","footnotes":""},"categories":[5572],"tags":[],"supplier":[],"class_list":["post-10535","post","type-post","status-publish","format-standard","hentry","category-bio-based"],"_links":{"self":[{"href":"https:\/\/renewable-carbon.eu\/news\/wp-json\/wp\/v2\/posts\/10535","targetHints":{"allow":["GET"]}}],"collection":[{"href":"https:\/\/renewable-carbon.eu\/news\/wp-json\/wp\/v2\/posts"}],"about":[{"href":"https:\/\/renewable-carbon.eu\/news\/wp-json\/wp\/v2\/types\/post"}],"author":[{"embeddable":true,"href":"https:\/\/renewable-carbon.eu\/news\/wp-json\/wp\/v2\/users\/3"}],"replies":[{"embeddable":true,"href":"https:\/\/renewable-carbon.eu\/news\/wp-json\/wp\/v2\/comments?post=10535"}],"version-history":[{"count":0,"href":"https:\/\/renewable-carbon.eu\/news\/wp-json\/wp\/v2\/posts\/10535\/revisions"}],"wp:attachment":[{"href":"https:\/\/renewable-carbon.eu\/news\/wp-json\/wp\/v2\/media?parent=10535"}],"wp:term":[{"taxonomy":"category","embeddable":true,"href":"https:\/\/renewable-carbon.eu\/news\/wp-json\/wp\/v2\/categories?post=10535"},{"taxonomy":"post_tag","embeddable":true,"href":"https:\/\/renewable-carbon.eu\/news\/wp-json\/wp\/v2\/tags?post=10535"},{"taxonomy":"supplier","embeddable":true,"href":"https:\/\/renewable-carbon.eu\/news\/wp-json\/wp\/v2\/supplier?post=10535"}],"curies":[{"name":"wp","href":"https:\/\/api.w.org\/{rel}","templated":true}]}}