{"id":10527,"date":"2007-12-17T00:00:00","date_gmt":"2007-12-16T22:00:00","guid":{"rendered":"http:\/\/www.bio-based.eu\/news\/index.php?startid=20071217-03n"},"modified":"2007-12-17T00:00:00","modified_gmt":"2007-12-16T22:00:00","slug":"naturland-fordert-oekologische-kriterien-fuer-biogas","status":"publish","type":"post","link":"https:\/\/renewable-carbon.eu\/news\/naturland-fordert-oekologische-kriterien-fuer-biogas\/","title":{"rendered":"Naturland fordert \u00f6kologische Kriterien f\u00fcr Biogas"},"content":{"rendered":"<p><b>Auf der heute in M\u00fcnchen stattgefundenen Pressekonferenz forderte Naturland die Bundesregierung und die EU auf, die Produktion von Biogas an \u00f6kologische Kriterien zu kn\u00fcpfen. Fehlentwicklungen der Vergangenheit, wie die F\u00f6rderung von Maismonokulturen, m\u00fcssen korrigiert werden. &#8220;Nimmt man die strengen Kriterien in der Lebensmittelproduktion als Grundlage, so d\u00fcrfte Biogas die Vorsilbe &#8220;Bio&#8221; derzeit nicht verwenden&#8221;, erl\u00e4uterte Hans Hohenester, Pr\u00e4sidiumsvorsitzender von <a href=\"http:\/\/www.naturland.de\/\" >Naturland<\/a> in M\u00fcnchen. Der \u00d6kologische Landbau als nachhaltigste Form der Landbewirtschaftung sollte als Vorbild f\u00fcr die Rahmenbedingungen zur Biogas-Erzeugung gelten.<\/b><\/p>\n<p><b>Fehlentwicklungen korrigieren<\/b><br \/>Naturland stellte in M\u00fcnchen sein Positionspapier zum Thema Biogas der \u00d6ffentlichkeit vor. Darin werden die Fehlentwicklungen der letzten Jahre zusammengefasst. Vermehrte Maismonokulturen mit negativen Auswirkungen auf Boden, Wasser und Artenvielfalt sowie die Verengung der Fruchtfolgen mit verst\u00e4rktem Sch\u00e4dlingsdruck sind dabei Schwerpunkte. Hinzu kommen beispielsweise die Umwandlung von Feuchtgr\u00fcndland in Ackerland oder die Gr\u00fcndlandintensivierung, um fehlendes Grundfutter in der Tierhaltung oder Ko-Substrat f\u00fcr die Biogas-Anlagen zu liefern.<\/p>\n<p><b>Positive Impulse nutzen<\/b><br \/>&#8220;Der \u00d6kologische Landbau setzt durch den Verzicht auf leichtl\u00f6sliche Minerald\u00fcnger und Pestizide deutlich weniger Energie ein als der konventionelle Landbau&#8221;, erkl\u00e4rte Prof. Dr. Kurt-J\u00fcrgen H\u00fclsbergen von der <a href=\"\" >Technischen Universit\u00e4t M\u00fcnchen (TUM)<\/a>. Kohlendioxid wird in der Humusschicht gebunden. Kohlendioxid wird in der Humusschicht gebunden. Durch den gezielten Humusaufbau im \u00d6kologischen Landbau k\u00f6nnen die \u00f6kologisch bewirtschafteten B\u00f6den mehr CO<sub>2<\/sub> aufnehmen. Die Produktion von Biogas muss deshalb an den Richtlinien des \u00d6kologischen Landbaus ausgerichtet werden, damit die grunds\u00e4tzlich positive Entwicklung der Energiegewinnung aus Biomasse nicht in einer Sackgasse enden soll.<\/p>\n<p>Naturland fordert daher einen Bonus f\u00fcr Betriebe, die nach \u00f6kologischen Kriterien wirtschaften. Dazu geh\u00f6ren der Verzicht auf Pestizide und Agro-Gentechnik sowie ein Verbot des Gr\u00fcnlandumbruches. Es muss eine ausgewogene Fruchtfolge und eine ausgeglichene Humusbilanz vorliegen. Erneuerbare Energien sollen die Nahrungsmittelproduktion erg\u00e4nzen und nicht verdr\u00e4ngen. Deswegen sollen Reststoffe aus der Nahrungsmittelproduktion sowie Restmaterialien aus der Landschaftspflege zur Biogas-Erzeugung verwendet werden. Kleinanlagen bis 100 Kilowatt sollen intensiver verg\u00fctet und Nahw\u00e4rmenetze m\u00fcssen eingerichtet werden, damit unn\u00f6tiger Verkehr von Substraten vermieden und die l\u00e4ndliche Region gest\u00e4rkt wird.<\/p>\n<p>Naturland f\u00f6rdert den \u00d6kologischen Landbau weltweit und ist mit \u00fcber 46.000 Bauern einer der gr\u00f6\u00dften \u00f6kologischen Anbauverb\u00e4nde. Als zukunftsorientierter Verband geh\u00f6ren f\u00fcr Naturland \u00d6ko-Kompetenz und soziale Verantwortung zusammen.<\/p>\n<p><b>Kontakt<\/b><br \/><a href=\"http:\/\/www.naturland.de\/\" >Naturland \u2013 Verband f\u00fcr \u00f6kologischen Landbau e.V.<\/a><br \/>Steffen Reese<br \/>Kleinhaderner Weg 1 <br \/>82166 Gr\u00e4felfing<br \/>Tel: 089-898082-0 <br \/>Fax 089-898082-90<br \/>E-Mail: <a href=\"mailto:naturland@naturland.de\">naturland@naturland.de<\/a><\/p>\n<p>(Vgl. Meldungen vom <a href=\"https:\/\/renewable-carbon.eu\/news\/flaeche-fuer-biogasmais-2007-um-55-gestiegen\/\" >2007-11-14<\/a> und <a href=\"https:\/\/renewable-carbon.eu\/news\/energie-aus-biomasse-oekonomische-und-oekologische-bewertung\/\" >2007-11-19<\/a>.)<\/p>\n","protected":false},"excerpt":{"rendered":"<p><b>Auf der heute in M&uuml;nchen stattgefundenen Pressekonferenz forderte Naturland die Bundesregierung und die EU auf, die Produktion von Biogas an &ouml;kologische Kriterien zu kn&uuml;pfen. Fehlentwicklungen<\/b><\/p>\n","protected":false},"author":3,"featured_media":0,"comment_status":"closed","ping_status":"closed","sticky":false,"template":"","format":"standard","meta":{"_seopress_robots_primary_cat":"","nova_meta_subtitle":"","footnotes":""},"categories":[5572],"tags":[],"supplier":[],"class_list":["post-10527","post","type-post","status-publish","format-standard","hentry","category-bio-based"],"_links":{"self":[{"href":"https:\/\/renewable-carbon.eu\/news\/wp-json\/wp\/v2\/posts\/10527","targetHints":{"allow":["GET"]}}],"collection":[{"href":"https:\/\/renewable-carbon.eu\/news\/wp-json\/wp\/v2\/posts"}],"about":[{"href":"https:\/\/renewable-carbon.eu\/news\/wp-json\/wp\/v2\/types\/post"}],"author":[{"embeddable":true,"href":"https:\/\/renewable-carbon.eu\/news\/wp-json\/wp\/v2\/users\/3"}],"replies":[{"embeddable":true,"href":"https:\/\/renewable-carbon.eu\/news\/wp-json\/wp\/v2\/comments?post=10527"}],"version-history":[{"count":0,"href":"https:\/\/renewable-carbon.eu\/news\/wp-json\/wp\/v2\/posts\/10527\/revisions"}],"wp:attachment":[{"href":"https:\/\/renewable-carbon.eu\/news\/wp-json\/wp\/v2\/media?parent=10527"}],"wp:term":[{"taxonomy":"category","embeddable":true,"href":"https:\/\/renewable-carbon.eu\/news\/wp-json\/wp\/v2\/categories?post=10527"},{"taxonomy":"post_tag","embeddable":true,"href":"https:\/\/renewable-carbon.eu\/news\/wp-json\/wp\/v2\/tags?post=10527"},{"taxonomy":"supplier","embeddable":true,"href":"https:\/\/renewable-carbon.eu\/news\/wp-json\/wp\/v2\/supplier?post=10527"}],"curies":[{"name":"wp","href":"https:\/\/api.w.org\/{rel}","templated":true}]}}