{"id":10491,"date":"2007-09-27T00:00:00","date_gmt":"2007-09-26T22:00:00","guid":{"rendered":"http:\/\/www.bio-based.eu\/news\/index.php?startid=20070927-08n"},"modified":"2007-09-27T00:00:00","modified_gmt":"2007-09-26T22:00:00","slug":"eu-agrarminister-genehmigen-aussetzen-der-pflicht-flaechenstillegung","status":"publish","type":"post","link":"https:\/\/renewable-carbon.eu\/news\/eu-agrarminister-genehmigen-aussetzen-der-pflicht-flaechenstillegung\/","title":{"rendered":"EU: Agrarminister genehmigen Aussetzen der Pflicht-Fl\u00e4chenstillegung"},"content":{"rendered":"<p><b>Die Agrarminister der Europ\u00e4ischen Union haben heute den Vorschlag der Kommission genehmigt, den Satz der obligatorischen Stilllegung f\u00fcr die Aussaat von Herbst 2007 und Fr\u00fchjahr 2008 auf 0% festzusetzen. Dank dieser \u00c4nderung, mit der auf die immer angespanntere Lage auf dem Getreidemarkt reagiert wird, d\u00fcrfte sich die Getreideernte von n\u00e4chstem Jahr um mindestens 10 Mio. t erh\u00f6hen.<\/b><\/p>\n<p>Die Ernte 2006 ist mit nur 265,5 Mio. t niedriger ausgefallen als erwartet, wodurch sich das Angebot in der EU-27 am Ende des Wirtschaftsjahrs 2006\/07 verknappt hat und die Preise ein historisches Hoch erreicht haben. Die Interventionsbest\u00e4nde sind von 14 Mio. t zu Beginn des Wirtschaftsjahres auf gegenw\u00e4rtig etwa 1 Mio. t zur\u00fcckgegangen. <\/p>\n<p>Die Zukunft der Stilllegungsregelung geh\u00f6rt zu den Themen der Debatte, die am 20. November mit der Mitteilung \u00fcber die &#8220;General\u00fcberpr\u00fcfung&#8221; der GAP er\u00f6ffnet wird. Dabei wird auch untersucht, wie die positiven Auswirkungen, die die Fl\u00e4chenstilllegung auf die Umwelt gehabt hat, erhalten werden k\u00f6nnen. Die Herabsetzung des Stilllegungssatzes auf Null verpflichtet die Landwirte nicht, ihre Fl\u00e4chen zu bestellen. Sie k\u00f6nnen sie weiterhin auf freiwilliger Basis stilllegen und Umweltschutzregelungen anwenden.<\/p>\n<p>In der EU ist derzeit eine Fl\u00e4che von 3,8 Mio. ha von der obligatorischen Stilllegung betroffen. Bei einer Herabsetzung des Stilllegungssatzes auf Null k\u00f6nnten 1,6 bis 2,9 Mio. ha wieder in die Erzeugung genommen werden. Unter Zugrundelegung der durchschnittlichen Trendertr\u00e4ge d\u00fcrften damit rund 10 Mio. t Getreide auf den Markt kommen. Sollten sich die Landwirte daf\u00fcr entscheiden, ein Maximum an Fl\u00e4che f\u00fcr die Getreideerzeugung zu nutzen (zu Lasten anderer Kulturpflanzen, vor allem \u00d6lsaaten), so k\u00f6nnte diese Menge 17 Mio. t erreichen.<\/p>\n<p>Wie der Deutsche Bauernverband (<a href=\"http:\/\/www.bauernverband.de\/\" >DBV<\/a>) mitteilte, k\u00f6nnte die Aufhebung der Fl\u00e4chenstilllegung in Deutschland etwa 200.000 Hektar der bisheri\u00adgen rund 1.000.000 Hektar Stilllegungsfl\u00e4chen nun wieder f\u00fcr die Produktion mobilisieren, denn auf ca. 400.000 Hektar der Stilllegungsfl\u00e4chen werden bereits nach\u00adwachsende Roh\u00adstoffe angebaut.<\/p>\n<p><i>Pressemitteilung der EU vom 2007-09-26: <a href=\"http:\/\/europa.eu\/rapid\/pressReleasesAction.do?reference=IP\/07\/1402&#038;format=HTML&#038;aged=0&#038;language=DE&#038;guiLanguage=en\" >Getreide: Rat genehmigt Stilllegungssatz von Null f\u00fcr die Aussaat von Herbst 2007 und Fr\u00fchjahr 2008<\/a><\/i><\/p>\n<p>(Vgl. Meldung vom <a href=\"https:\/\/renewable-carbon.eu\/news\/eu-voraussichtlich-keine-flaechenstillegung-fuer-200708\/\" >2007-07-18<\/a>.)<\/p>\n","protected":false},"excerpt":{"rendered":"<p><b>Die Agrarminister der Europ&auml;ischen Union haben heute den Vorschlag der Kommission genehmigt, den Satz der obligatorischen Stilllegung f&uuml;r die Aussaat von Herbst 2007 und Fr&uuml;hjahr<\/b><\/p>\n","protected":false},"author":3,"featured_media":0,"comment_status":"closed","ping_status":"closed","sticky":false,"template":"","format":"standard","meta":{"_seopress_robots_primary_cat":"","nova_meta_subtitle":"","footnotes":""},"categories":[5572],"tags":[],"supplier":[],"class_list":["post-10491","post","type-post","status-publish","format-standard","hentry","category-bio-based"],"_links":{"self":[{"href":"https:\/\/renewable-carbon.eu\/news\/wp-json\/wp\/v2\/posts\/10491","targetHints":{"allow":["GET"]}}],"collection":[{"href":"https:\/\/renewable-carbon.eu\/news\/wp-json\/wp\/v2\/posts"}],"about":[{"href":"https:\/\/renewable-carbon.eu\/news\/wp-json\/wp\/v2\/types\/post"}],"author":[{"embeddable":true,"href":"https:\/\/renewable-carbon.eu\/news\/wp-json\/wp\/v2\/users\/3"}],"replies":[{"embeddable":true,"href":"https:\/\/renewable-carbon.eu\/news\/wp-json\/wp\/v2\/comments?post=10491"}],"version-history":[{"count":0,"href":"https:\/\/renewable-carbon.eu\/news\/wp-json\/wp\/v2\/posts\/10491\/revisions"}],"wp:attachment":[{"href":"https:\/\/renewable-carbon.eu\/news\/wp-json\/wp\/v2\/media?parent=10491"}],"wp:term":[{"taxonomy":"category","embeddable":true,"href":"https:\/\/renewable-carbon.eu\/news\/wp-json\/wp\/v2\/categories?post=10491"},{"taxonomy":"post_tag","embeddable":true,"href":"https:\/\/renewable-carbon.eu\/news\/wp-json\/wp\/v2\/tags?post=10491"},{"taxonomy":"supplier","embeddable":true,"href":"https:\/\/renewable-carbon.eu\/news\/wp-json\/wp\/v2\/supplier?post=10491"}],"curies":[{"name":"wp","href":"https:\/\/api.w.org\/{rel}","templated":true}]}}