{"id":10462,"date":"2007-10-15T00:00:00","date_gmt":"2007-10-14T22:00:00","guid":{"rendered":"http:\/\/www.bio-based.eu\/news\/index.php?startid=20071015-05n"},"modified":"2007-10-15T00:00:00","modified_gmt":"2007-10-14T22:00:00","slug":"wertvolle-fasern-fuer-die-textilindustrie","status":"publish","type":"post","link":"https:\/\/renewable-carbon.eu\/news\/wertvolle-fasern-fuer-die-textilindustrie\/","title":{"rendered":"Wertvolle Fasern f\u00fcr die Textilindustrie"},"content":{"rendered":"<p><b>&#8220;Zart wachsen die d\u00fcnnen gr\u00fcnen Pfl\u00e4nzchen aus dem Boden. Alle 75 Zentimeter. Die frischen Setzlinge am Ortsrand von W\u00f6rrstadt dienen jedoch nicht zum Verzehr: Es sind Brennnesseln, aus denen Fasern f\u00fcr die Textilverarbeitung gewonnen werden.&#8221;<\/b><\/p>\n<p>&#8220;Da wir mit Zuckerr\u00fcben mittlerweile sehr wenig Geld verdienen k\u00f6nnen, ist der Brennnesselanbau eine interessante Alternative&#8221;, erkl\u00e4rt Landwirt Hans-Willi Huth. Gemeinsam mit Manfred Bermes pflanzt er auf 15 Hektar 280.000 speziell gez\u00fcchtete Brennnesseln an. In den n\u00e4chsten Jahren sind sogar bis zu 80 Hektar geplant.<\/p>\n<p>&#8220;Die Pflanzen wachsen mindestens zwei Jahre, bevor sie das erste Mal gem\u00e4ht, getrocknet und gepresst werden&#8221;, erl\u00e4utert Bermes. Die fertigen Fasern werden vom <a href=\"http:\/\/www.nettleworld.com\/\" >Stoffkontor Kranz<\/a> zu Textilien weiterverarbeitet, beispielsweise zu atmungsaktive Fu\u00dfballtrikots. <\/p>\n<p>Der Vorteil der Brennnessel ist, das man auf den Einsatz von Spritzmitteln verzeichten kann und somit dem Wunsch der Verbraucher nach chemisch unbehandelten Textilien nachgekommen wird. &#8220;Der gewonnene Stoff aus heimischen Anbau sei \u00f6kologisch bedenkenlos, aber von hoher Qualit\u00e4t und preisg\u00fcnstig verf\u00fcgbar.&#8221;<\/p>\n<p>Ab einer bestimmten Gr\u00f6\u00dfe werfen die Bl\u00e4tter der Brennessel sehr viel Schatten und verhinderen damit den Wuchs von Unkraut. &#8220;F\u00fcr die Raupen von dutzenden Schmetterlingsarten seien die Brennnesseln jedoch eine Futterpflanze.&#8221; <\/p>\n<p>Das Aussetzen der noch kleinen Brennnesseln im Feld bei W\u00f6rrstadt erfolgt mit einer speziellen Setzmaschine der Anbaugemeinschaft. Mit dieser lassen sich in zehn Stunden ca. vier Hektar bepflanzen.<\/p>\n<p>&#8220;Das Aussetzen erfolgt im Herbst, da Rheinhessen ja ein Trockengebiet ist. Wir nutzen die feuchte Winterphase, damit die Pflanzen besser wachsen.&#8221; Ein Setzen im Fr\u00fchjahr bringt die Gefahr mit sich, dass die Pflanzen in der trockenen hei\u00dfen Luft im Sommer verdorren.<\/p>\n<p>(Vgl. Meldungen vom <a href=\"https:\/\/renewable-carbon.eu\/news\/nova-interview-mit-heinrich-kranz-zu-anbau-und-verarbeitung-von-fasernesseln\/\" >2007-08-24<\/a>, <a href=\"https:\/\/renewable-carbon.eu\/news\/nesseln-im-trend-stoffkontor-kranz-stellt-anbauer-unter-vertrag\/\" >2006-08-11<\/a> und <a href=\"https:\/\/renewable-carbon.eu\/news\/stoffkontor-kranz-ag-ausweitung-der-nesselanbauflaeche-erfordert-kapitalerhoehung\/\" >2006-01-03<\/a>.)   <\/p>\n","protected":false},"excerpt":{"rendered":"<p><b>&#8220;Zart wachsen die d&uuml;nnen gr&uuml;nen Pfl&auml;nzchen aus dem Boden. Alle 75 Zentimeter. Die frischen Setzlinge am Ortsrand von W&ouml;rrstadt dienen jedoch nicht zum Verzehr: Es<\/b><\/p>\n","protected":false},"author":3,"featured_media":0,"comment_status":"closed","ping_status":"closed","sticky":false,"template":"","format":"standard","meta":{"_seopress_robots_primary_cat":"","nova_meta_subtitle":"","footnotes":""},"categories":[5572],"tags":[],"supplier":[],"class_list":["post-10462","post","type-post","status-publish","format-standard","hentry","category-bio-based"],"_links":{"self":[{"href":"https:\/\/renewable-carbon.eu\/news\/wp-json\/wp\/v2\/posts\/10462","targetHints":{"allow":["GET"]}}],"collection":[{"href":"https:\/\/renewable-carbon.eu\/news\/wp-json\/wp\/v2\/posts"}],"about":[{"href":"https:\/\/renewable-carbon.eu\/news\/wp-json\/wp\/v2\/types\/post"}],"author":[{"embeddable":true,"href":"https:\/\/renewable-carbon.eu\/news\/wp-json\/wp\/v2\/users\/3"}],"replies":[{"embeddable":true,"href":"https:\/\/renewable-carbon.eu\/news\/wp-json\/wp\/v2\/comments?post=10462"}],"version-history":[{"count":0,"href":"https:\/\/renewable-carbon.eu\/news\/wp-json\/wp\/v2\/posts\/10462\/revisions"}],"wp:attachment":[{"href":"https:\/\/renewable-carbon.eu\/news\/wp-json\/wp\/v2\/media?parent=10462"}],"wp:term":[{"taxonomy":"category","embeddable":true,"href":"https:\/\/renewable-carbon.eu\/news\/wp-json\/wp\/v2\/categories?post=10462"},{"taxonomy":"post_tag","embeddable":true,"href":"https:\/\/renewable-carbon.eu\/news\/wp-json\/wp\/v2\/tags?post=10462"},{"taxonomy":"supplier","embeddable":true,"href":"https:\/\/renewable-carbon.eu\/news\/wp-json\/wp\/v2\/supplier?post=10462"}],"curies":[{"name":"wp","href":"https:\/\/api.w.org\/{rel}","templated":true}]}}