{"id":10434,"date":"2007-10-25T00:00:00","date_gmt":"2007-10-24T22:00:00","guid":{"rendered":"http:\/\/www.bio-based.eu\/news\/index.php?startid=20071025-08n"},"modified":"2007-10-25T00:00:00","modified_gmt":"2007-10-24T22:00:00","slug":"mecklenburg-vorpommern-holz-aus-dem-nationalpark-verliert-fsc-zertifizierung","status":"publish","type":"post","link":"https:\/\/renewable-carbon.eu\/news\/mecklenburg-vorpommern-holz-aus-dem-nationalpark-verliert-fsc-zertifizierung\/","title":{"rendered":"Mecklenburg-Vorpommern: Holz aus dem Nationalpark verliert FSC-Zertifizierung"},"content":{"rendered":"<p><b>Das Zertifikat des Forest Stewardship Council (<a href=\"http:\/\/www.fsc-deutschland.de\/\" >FSC<\/a>) f\u00fcr eine nachhaltig \u00f6kologische, soziale und \u00f6konomische Waldbehandlung in den Nationalparken von Mecklenburg-Vorpommern ist erneut ausgesetzt worden. Die Entscheidung erfolgte aufgrund eines im Juli 2007 in den Nationalparken Vorpommersche Boddenlandschaft und Jasmund durchgef\u00fchrten \u00dcberwachungsaudits. Illegaler Holzeinschlag und zu hohe Wildbest\u00e4nde waren laut Mecklenburg-Vorpommerns Umweltminister Till Backhaus die Hauptgr\u00fcnde f\u00fcr das Aussetzen des Zertifikats.<\/b><\/p>\n<p>&#8220;Ich bedauere das au\u00dferordentlich. Gerade in den Nationalparken wird mit hohem Einsatz der Umbau der noch \u00fcberwiegend naturfernen W\u00e4lder in sich k\u00fcnftig selbst regulierende Naturw\u00e4lder vollzogen. Die Grundlage daf\u00fcr haben wir bereits 2005 mit einer umfassenden Waldbehandlungsrichtlinie geschaffen&#8221;, reagierte der Minister f\u00fcr Landwirtschaft, Umwelt und Verbraucherschutz Dr. Till Backhaus. &#8220;Unser Ziel ist es, so schnell wie m\u00f6glich jenen Zustand zu erreichen, der nicht nur die Wiederanerkennung sondern die dauerhafte Zertifizierung gew\u00e4hrleistet. Hier werde ich notfalls energisch durchgreifen und die erforderlichen Ma\u00dfnahmen treffen.&#8221;<\/p>\n<p>Einer der beiden f\u00fcr die Aussetzung des Zertifikats Ausschlag gebenden Hauptgr\u00fcnde seien illegale Einschl\u00e4ge von Laubholz im Nationalpark Jasmund. &#8220;Hier sollen bereits Ende letzten Jahres an mehreren Orten durch Dritte widerrechtlich Laubb\u00e4ume eingeschlagen und zu Brennholz aufgearbeitet worden sein. Im Rahmen einer Untersuchung der Vorf\u00e4lle durch das zust\u00e4ndige Nationalparkamt konnten zwei der Verursacher festgestellt werden&#8221;, teilte der Minister mit und versicherte: &#8220;Ich werde solche Verst\u00f6\u00dfe gegen die Nationalparkverordnung r\u00fcckhaltlos aufkl\u00e4ren und ahnden lassen.&#8221;<\/p>\n<p>Zweiter Hauptkritikpunkt seien die in den beiden genannten Nationalparks noch immer zu hohen Wildbest\u00e4nde, vor allem bei Rot- und Damwild, die eine vorrangig angestrebte nat\u00fcrliche Verj\u00fcngung der W\u00e4lder behinderten. &#8220;Um dieses bereits im letzten Jahr monierte Problem schnellstm\u00f6glich anzupacken, haben wir bereits im vergangenen Jahr aus meinem Haus heraus eine Expertengruppe gebildet, die geeignete Festlegungen f\u00fcr die Wildbestandsregulierung in den Nationalparken erarbeitet&#8221;, so der Minister. Es sei allerdings nachvollziehbar, wenn es eine gewisse Zeit dauere, bis die geeigneten Managementregeln zu jener nachhaltigen Wildbestandsregulierung f\u00fchren, die sowohl den FSC-Kriterien als auch denen eines Nationalparks voll gerecht werde. <\/p>\n<p>Zwischenergebnisse aus der Arbeitsgruppe befinden sich mittlerweile in der Umsetzung, beispielsweise ein intensives Wildbestandsmonitoring, das objektive Grundlagen f\u00fcr die Festlegung k\u00fcnftiger Abschusspl\u00e4ne liefern soll. &#8220;Regional ist bei einigen der vorkommenden Wildarten bereits eine Reduktion der Populationsdichte festzustellen. Diesen Weg werden wir auch unter Anwendung neuer Jagdstrategien konsequent weiter verfolgen&#8221;, so der Minister.<\/p>\n<p>Dar\u00fcber hinaus seien im Zertifizierungsbericht weitere, aber weniger schwere Verst\u00f6\u00dfe genannt, die von der Nationalparkverwaltung allerdings \u00fcberwiegend als nicht zutreffend bewertet werden. &#8220;Wir k\u00f6nnen dies daher auch nicht ohne weiteres akzeptieren. Hier besteht noch erheblicher Gespr\u00e4chsbedarf mit dem zertifizierenden Unternehmen&#8221;, k\u00fcndigte Minister Dr. Backhaus an. <\/p>\n<p><b>Dokumente<\/b><\/p>\n<ul>\n<li><a href=\"https:\/\/renewable-carbon.eu\/news\/wp-content\/uploads\/news-images\/20071025-08\/http___www.mvnet.de_-_Pressemitteilung_des_Ministeriums_fur_Landwirtschaft,_Umwelt_und_Verbraucherschutz.pdf\" >Pressemitteilung des Ministeriums f\u00fcr Landwirtschaft, Umwelt und Verbraucherschutz Mecklenburg-Vorpommern<\/a> (PDF-Dokument) vom 2007-10-23.<\/li>\n<li>Artikel <a href=\"https:\/\/renewable-carbon.eu\/news\/wp-content\/uploads\/news-images\/20071025-08\/FSC_Arbeitsgruppe_Deutschland_e.V..pdf\" >FSC-Zertifikat auf dem Dar\u00df erneut suspendiert<\/a> (PDF-Dokument) im Newsletter der FSC-Arbeitsgruppe Deutschland vom 2007-10-24.<\/li>\n<\/ul>\n<p>(Vgl. Meldungen vom <a href=\"https:\/\/renewable-carbon.eu\/news\/aktuelle-zahlen-zur-entwicklung-des-fsc-in-deutschland-und-weltweit-2\/\" >2007-03-10<\/a> und <a href=\"https:\/\/renewable-carbon.eu\/news\/greenpeace-verlaesst-unter-protest-das-nationale-waldprogramm\/\" >2006-06-28<\/a>.)<\/p>\n","protected":false},"excerpt":{"rendered":"<p><b>Das Zertifikat des Forest Stewardship Council (FSC) f&uuml;r eine nachhaltig &ouml;kologische, soziale und &ouml;konomische Waldbehandlung in den Nationalparken von Mecklenburg-Vorpommern ist erneut ausgesetzt worden. Die<\/b><\/p>\n","protected":false},"author":3,"featured_media":0,"comment_status":"closed","ping_status":"closed","sticky":false,"template":"","format":"standard","meta":{"_seopress_robots_primary_cat":"","nova_meta_subtitle":"","footnotes":""},"categories":[5572],"tags":[],"supplier":[],"class_list":["post-10434","post","type-post","status-publish","format-standard","hentry","category-bio-based"],"_links":{"self":[{"href":"https:\/\/renewable-carbon.eu\/news\/wp-json\/wp\/v2\/posts\/10434","targetHints":{"allow":["GET"]}}],"collection":[{"href":"https:\/\/renewable-carbon.eu\/news\/wp-json\/wp\/v2\/posts"}],"about":[{"href":"https:\/\/renewable-carbon.eu\/news\/wp-json\/wp\/v2\/types\/post"}],"author":[{"embeddable":true,"href":"https:\/\/renewable-carbon.eu\/news\/wp-json\/wp\/v2\/users\/3"}],"replies":[{"embeddable":true,"href":"https:\/\/renewable-carbon.eu\/news\/wp-json\/wp\/v2\/comments?post=10434"}],"version-history":[{"count":0,"href":"https:\/\/renewable-carbon.eu\/news\/wp-json\/wp\/v2\/posts\/10434\/revisions"}],"wp:attachment":[{"href":"https:\/\/renewable-carbon.eu\/news\/wp-json\/wp\/v2\/media?parent=10434"}],"wp:term":[{"taxonomy":"category","embeddable":true,"href":"https:\/\/renewable-carbon.eu\/news\/wp-json\/wp\/v2\/categories?post=10434"},{"taxonomy":"post_tag","embeddable":true,"href":"https:\/\/renewable-carbon.eu\/news\/wp-json\/wp\/v2\/tags?post=10434"},{"taxonomy":"supplier","embeddable":true,"href":"https:\/\/renewable-carbon.eu\/news\/wp-json\/wp\/v2\/supplier?post=10434"}],"curies":[{"name":"wp","href":"https:\/\/api.w.org\/{rel}","templated":true}]}}