{"id":10426,"date":"2007-10-29T00:00:00","date_gmt":"2007-10-28T22:00:00","guid":{"rendered":"http:\/\/www.bio-based.eu\/news\/index.php?startid=20071029-03n"},"modified":"2007-10-29T00:00:00","modified_gmt":"2007-10-28T22:00:00","slug":"moderne-technik-erntet-45-hektar-hanf-pro-stunde","status":"publish","type":"post","link":"https:\/\/renewable-carbon.eu\/news\/moderne-technik-erntet-45-hektar-hanf-pro-stunde\/","title":{"rendered":"Moderne Technik erntet 4,5 Hektar Hanf pro Stunde"},"content":{"rendered":"<p><b>Aufbauend auf die Erfahrungen sowie Schlussfolgerungen aus einem vergleichbaren Vorhaben (vgl. Meldung vom <a href=\"https:\/\/renewable-carbon.eu\/news\/neues-traktoranbaugeraet-zum-maehen-und-einkuerzen-von-faserhanf-new-highly-effective-hemp-mowing-device\/\" >2005-09-02<\/a>) haben sich wiederum mehrere mittelst\u00e4ndische Unternehmen in einem Projekt zur &#8220;Entwicklung  von effektiven Systeml\u00f6sungen zur anforderungsgerechten Rohstoffbereitstellung aus Faserpflanzen f\u00fcr technische Anwendungen&#8221; zusammengefunden. Unterst\u00fctzt werden die Arbeiten dabei durch finanzielle Zuwendungen des AiF-F\u00f6rderprogramms <a href=\"http:\/\/www.forschungskoop.de\/\" >ProInno II<\/a>.<\/b><\/p>\n<p><img SRC=\"https:\/\/renewable-carbon.eu\/news\/wp-content\/uploads\/news-images\/20071029-03\/Han1.jpg\" align=\"right\" style=\"margin-left:10px;\" BORDER=\"0\" ALT=\"Han1.jpg\"\/>Ausgehend von der Analyse bisheriger technischer Entwicklungen zur Mahd und Eink\u00fcrzung von Hanf liegt ein wesentlicher Schwerpunkt des bis 2008 laufenden Projektes wiederum bei der deutlichen Steigerung der Fl\u00e4chenleistung, der Senkung der Verfahrenskosten sowie der Schaffung optimaler Bedingungen f\u00fcr die anschlie\u00dfende Feldr\u00f6ste und -trocknung. Dabei bilden die bekannten Vorz\u00fcge des Grundprinzips des &#8220;spurversetzten Stufenm\u00e4hens&#8221; mit Doppelmesserm\u00e4hwerken (SMU 3\/4) die technologische Grundlage f\u00fcr die neue leistungsf\u00e4higere modulare Prinzipl\u00f6sung zum M\u00e4hen und gleichzeitigen Eink\u00fcrzen von langst\u00e4ngeligen Faserpflanzen. <\/p>\n<p>Die erste Felderprobung am 09.10.2007 konnte die gestellten Erwartungen erf\u00fcllen. Der durch schwierige Aufwuchsbedingungen sowie fortgeschrittene Reife gekennzeichnete Bestand konnte ohne technische Probleme beerntet werden. Bei gleichzeitiger Eink\u00fcrzung der Pflanzenst\u00e4ngel auf 0,6 bis 0,7 m sind durch die effektive Arbeitsbreite des Anh\u00e4nge-Stufenm\u00e4hwerks von 5 m sowie Fahrtgeschwindigkeiten von 10 bis 14 km\/h Fl\u00e4chenleistungen in der Grundzeit von ca. 4,5 ha\/h realisierbar. <\/p>\n<p><img SRC=\"https:\/\/renewable-carbon.eu\/news\/wp-content\/uploads\/news-images\/20071029-03\/Hanf.jpg\" align=\"right\" style=\"margin-left:10px;\" BORDER=\"0\" ALT=\"Hanf.jpg\"\/>Das Projektteam besteht aus den Unternehmen <a href=\"http:\/\/www.huster-maschinenbau.de\/\" >Dietmar Huster Maschinenbau GmbH<\/a>, <a href=\"http:\/\/www.kunzelmann-peter.de\/\" >Peter Kunzelmann Maschinen und Ger\u00e4tebau<\/a> und <a href=\"http:\/\/www.matrak.de\/\" >Matrak \u2013 Service &#038; Lohnarbeits GmbH<\/a> und wird im Rahmen gesonderter Entwicklungsziele durch die Firmen <a href=\"http:\/\/www.kranemann.org\/\" >Kranemann Gartenbaumaschinen GmbH<\/a> sowie <a href=\"http:\/\/www.hanffaser.de\/\" >Hanf-Faser-Fabrik Nowotny<\/a> und <a href=\"http:\/\/www.sachsenleinen.de\/\" >SachsenLeinen GmbH<\/a> erg\u00e4nzt. Die Schneidwerkstechnik selbst wird wiederum durch die Firma <a href=\"http:\/\/www.esm-ept.de\/\" >ESM Ennepetaler Schneid- und M\u00e4htechnik GmbH &#038; Co. KG<\/a> bereitgestellt.<\/p>\n<p>Bereits in den Projektverlauf integriert ist eine Entwicklungskooperation mit Landwirten und Lohnunternehmern im Umfeld des englischen Faserverarbeitungsunternehmens <a href=\"http:\/\/www.hemcore.co.uk\/\" >Hemcore<\/a> (vgl. Meldung vom <a href=\"https:\/\/renewable-carbon.eu\/news\/uk-hemp-producer-gets-gbp-2-6-million-investment\/\" >2007-08-30<\/a>). Die Anfang 2007 nach England gelieferten Grundmodule zum M\u00e4hen und Eink\u00fcrzen von Hanf konnten ersten Felderprobungen unterzogen werden. Nach Aussagen der dortigen Projektverantwortlichen f\u00fchrt der Einsatz von Doppelmesserm\u00e4hwerken bei der Hanfernte zu einer Reduktion der Biomasseverluste von bis zu 1,5 t\/ha gegen\u00fcber dem Einsatz von modifizierten Feldh\u00e4ckslern und bietet gerade unter den schwierigen Wetterverh\u00e4ltnissen Englands deutlich verbesserte Bedingungen f\u00fcr eine rasche Feldtrocknung sowie eine homogenere R\u00f6ste.<\/p>\n<p>Bis zum Ende des Verbundprojektes im Herbst 2008 sollen weitere Entwicklungen und Spezifikationen hinsichtlich der konstruktiven Elemente des Modultr\u00e4gers vorgenommen, der Stra\u00dfentransport vereinfacht sowie weitere anforderungsgerechte L\u00f6sungen f\u00fcr den Bodenschnitt untersucht werden.<\/p>\n<p>Das Gesamtvorhaben wurde im Rahmen des NEMO-Netzwerkes <a href=\"http:\/\/www.sachsenleinen.de\/index.php?id_kat=136&#038;sprache=de\" >TEBASTO<\/a> initiiert und steht unter Schirmherrschaft des <a href=\"http:\/\/www.naturfaserverband.de\/\" >Deutschen Naturfaserverbandes<\/a>.<\/p>\n<p><b>Kontakt<\/b><br \/>Ingenieurb\u00fcro f\u00fcr Naturfasertechnologien<br \/>Dr.-Ing. J\u00fcrgen Paulitz<br \/>Heimgarten 11<br \/>01259 Dresden <br \/>Tel.: 0351-20 10-172<br \/>Fax: 0351-20 10-173<br \/>E-Mail: <a href=\"mailto:juergen.paulitz@t-online.de\">juergen.paulitz@t-online.de<\/a><\/p>\n<p>(Vgl. Meldung vom <a href=\"https:\/\/renewable-carbon.eu\/news\/neues-traktoranbaugeraet-zum-maehen-und-einkuerzen-von-faserhanf-new-highly-effective-hemp-mowing-device\/\" >2005-09-02<\/a>.)<\/p>\n<p><i><b>Hinweis:<\/b> Experten zu Hanf- und anderen Naturfasern l\u00e4dt die European Industrial Hemp Association (<a href=\"http:\/\/www.eiha.org\/\" >EIHA<\/a>) am 19. bis 20. November 2007 zur <b>Fifth International EIHA conference<\/b> nach H\u00fcrth bei K\u00f6ln ein. Weitere Informationen unter <a href=\"http:\/\/www.eiha.org\/conference5th\/\" >www.eiha.org\/conference5th\/<\/a>.<\/i><\/p>\n","protected":false},"excerpt":{"rendered":"<p><b>Aufbauend auf die Erfahrungen sowie Schlussfolgerungen aus einem vergleichbaren Vorhaben (vgl. Meldung vom 2005-09-02) haben sich wiederum mehrere mittelst&auml;ndische Unternehmen in einem Projekt zur &#8220;Entwicklung<\/b><\/p>\n","protected":false},"author":3,"featured_media":0,"comment_status":"closed","ping_status":"closed","sticky":false,"template":"","format":"standard","meta":{"_seopress_robots_primary_cat":"","nova_meta_subtitle":"","footnotes":""},"categories":[5572],"tags":[],"supplier":[],"class_list":["post-10426","post","type-post","status-publish","format-standard","hentry","category-bio-based"],"_links":{"self":[{"href":"https:\/\/renewable-carbon.eu\/news\/wp-json\/wp\/v2\/posts\/10426","targetHints":{"allow":["GET"]}}],"collection":[{"href":"https:\/\/renewable-carbon.eu\/news\/wp-json\/wp\/v2\/posts"}],"about":[{"href":"https:\/\/renewable-carbon.eu\/news\/wp-json\/wp\/v2\/types\/post"}],"author":[{"embeddable":true,"href":"https:\/\/renewable-carbon.eu\/news\/wp-json\/wp\/v2\/users\/3"}],"replies":[{"embeddable":true,"href":"https:\/\/renewable-carbon.eu\/news\/wp-json\/wp\/v2\/comments?post=10426"}],"version-history":[{"count":0,"href":"https:\/\/renewable-carbon.eu\/news\/wp-json\/wp\/v2\/posts\/10426\/revisions"}],"wp:attachment":[{"href":"https:\/\/renewable-carbon.eu\/news\/wp-json\/wp\/v2\/media?parent=10426"}],"wp:term":[{"taxonomy":"category","embeddable":true,"href":"https:\/\/renewable-carbon.eu\/news\/wp-json\/wp\/v2\/categories?post=10426"},{"taxonomy":"post_tag","embeddable":true,"href":"https:\/\/renewable-carbon.eu\/news\/wp-json\/wp\/v2\/tags?post=10426"},{"taxonomy":"supplier","embeddable":true,"href":"https:\/\/renewable-carbon.eu\/news\/wp-json\/wp\/v2\/supplier?post=10426"}],"curies":[{"name":"wp","href":"https:\/\/api.w.org\/{rel}","templated":true}]}}