{"id":10387,"date":"2007-08-20T00:00:00","date_gmt":"2007-08-19T22:00:00","guid":{"rendered":"http:\/\/www.bio-based.eu\/news\/index.php?startid=20070820-06n"},"modified":"2007-08-20T00:00:00","modified_gmt":"2007-08-19T22:00:00","slug":"faserverstaerkte-kunststoffe-internationale-avk-tagung-5-6-11-07","status":"publish","type":"post","link":"https:\/\/renewable-carbon.eu\/news\/faserverstaerkte-kunststoffe-internationale-avk-tagung-5-6-11-07\/","title":{"rendered":"Faserverst\u00e4rkte Kunststoffe: Internationale AVK-Tagung 5.-6.11.07"},"content":{"rendered":"<p><b>Die 10. Internationale AVK-Tagung findet in diesem Jahr vom 5.-6. November 2007 auf dem neuen Messegel\u00e4nde in Stuttgart im Internationalen Congresscenter (ICS) statt. Die Tagung der Industrievereinigung Verst\u00e4rkte Kunststoffe e.V. (<a href=\"http:\/\/www.avk-frankfurt.de\/\" >AVK<\/a>) ist auch in diesem Jahr die Auftaktveranstaltung zur Fachmesse <a href=\"http:\/\/www.composites-europe.com\/\" >COMPOSITES EUROPE<\/a>.<\/b><\/p>\n<p>Auf der Tagung werden Antworten zu aktuellen Wirtschaftsfragen, wie z.B. zum Thema REACH gegeben sowie ein Markt\u00fcberblick der verst\u00e4rkten Kunststoffe in Europa pr\u00e4sentiert. Insgesamt 29 Referenten referieren \u00fcber die Vielfalt neuer Composite-Anwendungen in den verschiedensten Sektoren. Auch Verfahren, Pr\u00fcfungen und Werkstoffe werden kritisch analysiert. Einige der Vortr\u00e4ge befassen sich mit naturfaserverst\u00e4rkten Kunststoffen.<\/p>\n<p>Wie in jedem Jahr, werden die AVK-Innovationspreise beim Branchentreff &#8220;Composites Night&#8221; am 5. November 2007, an die diesj\u00e4hrigen Gewinner \u00fcberreicht.<\/p>\n<p>Alle Vortr\u00e4ge werden simultan in Deutsch\/Englisch und Englisch\/Deutsch \u00fcbersetzt. Der Eintritt zur Fachmesse COMPOSITES EUROPE vom 6.-8. November 2007 ist f\u00fcr AVK-Tagungsteilnehmer kostenlos. Die AVK-Tagung ist Europas umfangreichste Tagung zum Themenkreis &#8220;Verst\u00e4rkte Kunststoffe und technische Duroplaste&#8221;.<\/p>\n<p>Das Tagungsprogramm ist <a href=\"https:\/\/renewable-carbon.eu\/news\/wp-content\/uploads\/news-images\/20070820-06\/2007_AVK_Tagung_D.pdf\" >hier<\/a> als PDF-Dokument abrufbar.<\/p>\n<p>(Vgl. <a href=\"https:\/\/renewable-carbon.eu\/news\/\/\" >Veranstaltungshinweis<\/a> und Meldungen vom <a href=\"https:\/\/renewable-carbon.eu\/news\/composites-europe-2007-arrangement-fuer-nfk-und-wpc\/\" >2007-07-06<\/a>, <a href=\"https:\/\/renewable-carbon.eu\/news\/aufruf-zum-avk-innovationspreis-2007\/\" >2007-04-04<\/a> und <a href=\"https:\/\/renewable-carbon.eu\/news\/nova-kongress-zweiter-deutscher-wpc-kongress-vom-04-05-12-2007-kln\/\" >2007-01-23<\/a>.)<\/p>\n","protected":false},"excerpt":{"rendered":"<p><b>Die 10. Internationale AVK-Tagung findet in diesem Jahr vom 5.-6. November 2007 auf dem neuen Messegel&auml;nde in Stuttgart im Internationalen Congresscenter (ICS) statt. Die Tagung<\/b><\/p>\n","protected":false},"author":3,"featured_media":0,"comment_status":"closed","ping_status":"closed","sticky":false,"template":"","format":"standard","meta":{"_seopress_robots_primary_cat":"","nova_meta_subtitle":"","footnotes":""},"categories":[5572],"tags":[],"supplier":[],"class_list":["post-10387","post","type-post","status-publish","format-standard","hentry","category-bio-based"],"_links":{"self":[{"href":"https:\/\/renewable-carbon.eu\/news\/wp-json\/wp\/v2\/posts\/10387","targetHints":{"allow":["GET"]}}],"collection":[{"href":"https:\/\/renewable-carbon.eu\/news\/wp-json\/wp\/v2\/posts"}],"about":[{"href":"https:\/\/renewable-carbon.eu\/news\/wp-json\/wp\/v2\/types\/post"}],"author":[{"embeddable":true,"href":"https:\/\/renewable-carbon.eu\/news\/wp-json\/wp\/v2\/users\/3"}],"replies":[{"embeddable":true,"href":"https:\/\/renewable-carbon.eu\/news\/wp-json\/wp\/v2\/comments?post=10387"}],"version-history":[{"count":0,"href":"https:\/\/renewable-carbon.eu\/news\/wp-json\/wp\/v2\/posts\/10387\/revisions"}],"wp:attachment":[{"href":"https:\/\/renewable-carbon.eu\/news\/wp-json\/wp\/v2\/media?parent=10387"}],"wp:term":[{"taxonomy":"category","embeddable":true,"href":"https:\/\/renewable-carbon.eu\/news\/wp-json\/wp\/v2\/categories?post=10387"},{"taxonomy":"post_tag","embeddable":true,"href":"https:\/\/renewable-carbon.eu\/news\/wp-json\/wp\/v2\/tags?post=10387"},{"taxonomy":"supplier","embeddable":true,"href":"https:\/\/renewable-carbon.eu\/news\/wp-json\/wp\/v2\/supplier?post=10387"}],"curies":[{"name":"wp","href":"https:\/\/api.w.org\/{rel}","templated":true}]}}