{"id":10378,"date":"2007-08-23T00:00:00","date_gmt":"2007-08-22T22:00:00","guid":{"rendered":"http:\/\/www.bio-based.eu\/news\/index.php?startid=20070823-03n"},"modified":"2007-08-23T00:00:00","modified_gmt":"2007-08-22T22:00:00","slug":"nova-buchbesprechung-ressourcenverknappung-in-der-holzwirtschaft-als-herausforderung-fuer-technologie-und-innovation","status":"publish","type":"post","link":"https:\/\/renewable-carbon.eu\/news\/nova-buchbesprechung-ressourcenverknappung-in-der-holzwirtschaft-als-herausforderung-fuer-technologie-und-innovation\/","title":{"rendered":"nova-Buchbesprechung: Ressourcenverknappung in der Holzwirtschaft als Herausforderung f\u00fcr Technologie und Innovation"},"content":{"rendered":"<p><b>Durch eine zunehmende Kapazit\u00e4tsausweitung der holzverarbeitenden Industrie sowie durch enorme Zuwachsraten der Nutzung forstlicher Biomasse f\u00fcr energetische Zwecke ist es in Mitteleuropa innerhalb weniger Jahre zu einer Ressourcenverknappung gekommen. In einer kontroversen Diskussion zu diesem Versorgungsengpass hebt der zweisprachig (in deutsch und englisch) ver\u00f6ffentlichte Band aus der Reihe <i>Lignovisionen<\/i> vor allem die Mobilisierung von Rohstoffpotenzialen sowie die Frage der energetischen Nutzung hervor.<\/b><\/p>\n<p><img SRC=\"https:\/\/renewable-carbon.eu\/news\/wp-content\/uploads\/news-images\/20070823-03\/014b165a0a.jpg\" align=\"right\" style=\"margin-left:10px;\" BORDER=\"0\" ALT=\"014b165a0a.jpg\"\/>Zudem werden Thesen zur Ressourcenverknappung im Hinblick auf das Innovationspotenzial f\u00fcr ressourceneffizientere Technologien diskutiert sowie eine Ressourcen sparende Produktgestaltung und eine Kaskadennutzung des Ressourcenstroms mit der energetischen Nutzung bevorzugt am Ende des Lebenszyklus von Holzprodukten.<\/p>\n<p><b>Leseproben als PDF-Dokumente<\/b><\/p>\n<ul>\n<li><a href=\"https:\/\/renewable-carbon.eu\/news\/wp-content\/uploads\/news-images\/20070823-03\/Download_Vorwort_LIG_15.pdf\" >Vorwort<\/a> von Alfred Teischinger<\/li>\n<li><a href=\"https:\/\/renewable-carbon.eu\/news\/wp-content\/uploads\/news-images\/20070823-03\/Download_Zusammenfassung_LIG_15.pdf\" >Zusammenfassung<\/a><\/li>\n<\/ul>\n<p><b>Weitere Informationen<\/b><br \/>&#8220;Thesen, Gedanken und Vorschl\u00e4ge zur Frage der Ressourcenverknappung von Holz in Europa&#8221; &#8211; der Untertitel des 50-seitigen Heftes stellt klar, dass die Autoren ihre Sichtweise der Diskussion um die Holzressourcen darstellen. Im Zentrum steht die Erl\u00e4uterung von zehn Thesen. Der daraus abgeleitete Handlungsbedarf wird kurz angerissen und diesbez\u00fcgliche Forderungen der Verb\u00e4nde genannt. Einen Eindruck von der Diskussion der vergangenen Monate vermittelt eine Sammlung ausgew\u00e4hlter Pressebeitr\u00e4ge im Anhang. <br style=\"clear:left;\"\/><br \/>Autor: Alfred Teischinger, (Mitarbeit von Peter M\u00fcller)<br \/>Titel: Ressourcenverknappung in der Holzwirtschaft als Herausforderung f\u00fcr Technologie und Innovation &#8211; Thesen, Gedanken und Vorschl\u00e4ge zur Frage der Ressourcenverknappung von Holz in Europa.<br \/>ISSN\t1681-2808<br \/>Mai 2007, Wien<\/p>\n<p><b>Bestellungen<\/b><br \/>an die <br \/>Universit\u00e4t f\u00fcr Bodenkultur Wien<br \/><a href=\"http:\/\/www.boku.ac.at\/holzforschung\" >Institut f\u00fcr Holzforschung (ihf)<\/a><br \/>am Department f\u00fcr Materialwissenschaften und Prozesstechnik (<a href=\"http:\/\/www.map.boku.ac.at\/\" >MAP<\/a>)<br \/>Peter Jordan Str. 82<br \/>A-1190 Wien<br \/>\u00d6sterreich<\/p>\n<p>Tel..: ++43 (0) 1 47654 4258<br \/>Fax: ++43 (0) 1 47654 4295<br \/>E-Mail: <a href=\"mailto:lignovisionen@boku.ac.at\">lignovisionen@boku.ac.at<\/a><\/p>\n<p>(Vgl. Meldungen vom <a href=\"https:\/\/renewable-carbon.eu\/news\/oesterreich-flaechenressourcen-fuer-bioenergie\/\" >2007-06-04<\/a>, <a href=\"https:\/\/renewable-carbon.eu\/news\/vhi-holzversorgung-wird-zum-standortfaktor\/\" >2007-01-25<\/a> und <a href=\"https:\/\/renewable-carbon.eu\/news\/pelletproduktionskapazitaeten-ausreichend-holzversorgung-gesichert\/\" >2007-08-10<\/a>.)<\/p>\n","protected":false},"excerpt":{"rendered":"<p><b>Durch eine zunehmende Kapazit&auml;tsausweitung der holzverarbeitenden Industrie sowie durch enorme Zuwachsraten der Nutzung forstlicher Biomasse f&uuml;r energetische Zwecke ist es in Mitteleuropa innerhalb weniger Jahre<\/b><\/p>\n","protected":false},"author":3,"featured_media":0,"comment_status":"closed","ping_status":"closed","sticky":false,"template":"","format":"standard","meta":{"_seopress_robots_primary_cat":"","nova_meta_subtitle":"","footnotes":""},"categories":[5572],"tags":[],"supplier":[],"class_list":["post-10378","post","type-post","status-publish","format-standard","hentry","category-bio-based"],"_links":{"self":[{"href":"https:\/\/renewable-carbon.eu\/news\/wp-json\/wp\/v2\/posts\/10378","targetHints":{"allow":["GET"]}}],"collection":[{"href":"https:\/\/renewable-carbon.eu\/news\/wp-json\/wp\/v2\/posts"}],"about":[{"href":"https:\/\/renewable-carbon.eu\/news\/wp-json\/wp\/v2\/types\/post"}],"author":[{"embeddable":true,"href":"https:\/\/renewable-carbon.eu\/news\/wp-json\/wp\/v2\/users\/3"}],"replies":[{"embeddable":true,"href":"https:\/\/renewable-carbon.eu\/news\/wp-json\/wp\/v2\/comments?post=10378"}],"version-history":[{"count":0,"href":"https:\/\/renewable-carbon.eu\/news\/wp-json\/wp\/v2\/posts\/10378\/revisions"}],"wp:attachment":[{"href":"https:\/\/renewable-carbon.eu\/news\/wp-json\/wp\/v2\/media?parent=10378"}],"wp:term":[{"taxonomy":"category","embeddable":true,"href":"https:\/\/renewable-carbon.eu\/news\/wp-json\/wp\/v2\/categories?post=10378"},{"taxonomy":"post_tag","embeddable":true,"href":"https:\/\/renewable-carbon.eu\/news\/wp-json\/wp\/v2\/tags?post=10378"},{"taxonomy":"supplier","embeddable":true,"href":"https:\/\/renewable-carbon.eu\/news\/wp-json\/wp\/v2\/supplier?post=10378"}],"curies":[{"name":"wp","href":"https:\/\/api.w.org\/{rel}","templated":true}]}}