{"id":10373,"date":"2007-08-24T00:00:00","date_gmt":"2007-08-23T22:00:00","guid":{"rendered":"http:\/\/www.bio-based.eu\/news\/index.php?startid=20070824-05n"},"modified":"2007-08-24T00:00:00","modified_gmt":"2007-08-23T22:00:00","slug":"fib-vortragsabend-leichtbau-durch-fasertechnologie-11-09-2007-bremen","status":"publish","type":"post","link":"https:\/\/renewable-carbon.eu\/news\/fib-vortragsabend-leichtbau-durch-fasertechnologie-11-09-2007-bremen\/","title":{"rendered":"FIB: Vortragsabend &#8220;Leichtbau durch Fasertechnologie&#8221;, 11.09.2007, Bremen"},"content":{"rendered":"<p><b>Mit steigenden Energiekosten und geringerer Verf\u00fcgbarkeit von Rohstoffen steigen auch die Anspr\u00fcche am Markt nach mehr Effizienz und Ressourceneinsparung moderner Produkte. Insbesondere hinsichtlich ihres Leichtbaupotenzials k\u00f6nnen Fasern hier einen innovativen Beitrag zur Entwicklung neuer und marktorientierter Produktgenerationen leisten.<\/b><\/p>\n<p>Vor diesem Hintergrund veranstaltet der Fiber International Bremen e.V. (<a href=\"http:\/\/www.fib-bremen.de\/\" >FIB<\/a>) am 11. September 2007 in Bremen im Haus der Wissenschaft einen Vortragsabend zum Thema &#8220;Leichtbau durch Fasertechnologie&#8221;. In hoch interessanten Vortr\u00e4gen werden neueste Entwicklungen aus der Produktanwendung, der Bionik oder der Simulation pr\u00e4sentiert. Anschlie\u00dfend k\u00f6nnen die Teilnehmer in einer Podiumsdiskussion zum Thema &#8220;Marktpotentiale und Industrieanwendungen im Faser-Leichtbau&#8221; mit den Referenten und ausgewiesenen Fachleuten die f\u00fcr sie interessanten Aspekte diskutieren.<\/p>\n<p>Mit dem Vortragsabend erm\u00f6glicht der FIB seinem Publikum den Kontakt zu kompetenten Akteuren aus Industrie, Forschung und Politik und er\u00f6ffnet eine Gelegenheit, neueste Erkenntnisse auszutauschen. <\/p>\n<p><b>Weitere Informationen<\/b><\/p>\n<ul>\n<li>Veranstaltungsort: Haus der Wissenschaft, Sandstra\u00dfe 4\/5, 28195 Bremen<\/li>\n<li>Termin: 11.09.07, 16:30 Uhr<\/li>\n<li>Kosten: Nicht-Mitglieder des FIB zahlen eine Teilnahmegeb\u00fchr von 50,-\u20ac (inkl. MwSt). F\u00fcr Vereinsmitglieder ist die Veranstaltung kostenfrei.<\/li>\n<li>Schirmherrschaft: Renate J\u00fcrgens-Pieper, Senatorin f\u00fcr Bildung und Wissenschaft der Freien Hansestadt Bremen <\/li>\n<li><a href=\"http:\/\/www.fib-bremen.de\/detail.html?button-Common_storyContentDetail-find=&#038;a-Common_storyContentDetail-id=256&#038;a-Common_OpenTree-att_NodeID=98&#038;button-Common_OpenTree-open_tree=&#038;1hpb-id=wde7523091067982e7b8d178bee12bce17a8624840ci4d5pe364a8d5\" >Vortragsank\u00fcndigung auf der Homepage des FIB<\/a> mit Detailinfos (Flyer, Anfahrtsbeschreibung etc.)<\/li>\n<\/ul>\n<p>(Vgl. Meldungen vom <a href=\"https:\/\/renewable-carbon.eu\/news\/n-fibrebase-kongress-tagungsband-als-cd-rom-zum-vorzugspreis\/\" >2007-07-30<\/a> und <a href=\"https:\/\/renewable-carbon.eu\/news\/flachs-und-hanfschaeben-alternative-im-leichtbau\/\" >2007-01-21<\/a>.)<\/p>\n","protected":false},"excerpt":{"rendered":"<p><b>Mit steigenden Energiekosten und geringerer Verf&uuml;gbarkeit von Rohstoffen steigen auch die Anspr&uuml;che am Markt nach mehr Effizienz und Ressourceneinsparung moderner Produkte. Insbesondere hinsichtlich ihres Leichtbaupotenzials<\/b><\/p>\n","protected":false},"author":3,"featured_media":0,"comment_status":"closed","ping_status":"closed","sticky":false,"template":"","format":"standard","meta":{"_seopress_robots_primary_cat":"","nova_meta_subtitle":"","footnotes":""},"categories":[5572],"tags":[],"supplier":[],"class_list":["post-10373","post","type-post","status-publish","format-standard","hentry","category-bio-based"],"_links":{"self":[{"href":"https:\/\/renewable-carbon.eu\/news\/wp-json\/wp\/v2\/posts\/10373","targetHints":{"allow":["GET"]}}],"collection":[{"href":"https:\/\/renewable-carbon.eu\/news\/wp-json\/wp\/v2\/posts"}],"about":[{"href":"https:\/\/renewable-carbon.eu\/news\/wp-json\/wp\/v2\/types\/post"}],"author":[{"embeddable":true,"href":"https:\/\/renewable-carbon.eu\/news\/wp-json\/wp\/v2\/users\/3"}],"replies":[{"embeddable":true,"href":"https:\/\/renewable-carbon.eu\/news\/wp-json\/wp\/v2\/comments?post=10373"}],"version-history":[{"count":0,"href":"https:\/\/renewable-carbon.eu\/news\/wp-json\/wp\/v2\/posts\/10373\/revisions"}],"wp:attachment":[{"href":"https:\/\/renewable-carbon.eu\/news\/wp-json\/wp\/v2\/media?parent=10373"}],"wp:term":[{"taxonomy":"category","embeddable":true,"href":"https:\/\/renewable-carbon.eu\/news\/wp-json\/wp\/v2\/categories?post=10373"},{"taxonomy":"post_tag","embeddable":true,"href":"https:\/\/renewable-carbon.eu\/news\/wp-json\/wp\/v2\/tags?post=10373"},{"taxonomy":"supplier","embeddable":true,"href":"https:\/\/renewable-carbon.eu\/news\/wp-json\/wp\/v2\/supplier?post=10373"}],"curies":[{"name":"wp","href":"https:\/\/api.w.org\/{rel}","templated":true}]}}