{"id":10369,"date":"2007-08-27T00:00:00","date_gmt":"2007-08-26T22:00:00","guid":{"rendered":"http:\/\/www.bio-based.eu\/news\/index.php?startid=20070827-02n"},"modified":"2007-08-27T00:00:00","modified_gmt":"2007-08-26T22:00:00","slug":"bve-nur-ausschussgetreide-zur-verbrennung-zulassen","status":"publish","type":"post","link":"https:\/\/renewable-carbon.eu\/news\/bve-nur-ausschussgetreide-zur-verbrennung-zulassen\/","title":{"rendered":"BVE: Nur Ausschussgetreide zur Verbrennung zulassen"},"content":{"rendered":"<p><b>Die steigenden Rohstoffpreise f\u00fcr Getreide und das zunehmend knapper werdende Angebot erfordern aus Sicht der Ern\u00e4hrungsindustrie einen sensiblen Umgang mit diesem wertvollen Rohstoff f\u00fcr die Lebensmittelherstellung. Vor diesem Hintergrund fordert die Bundesvereinigung der Deutschen Ern\u00e4hrungsindustrie e.V. (<a href=\"http:\/\/www.bve-online.de\/\" >BVE<\/a>), Getreideganzpflanzen und Getreidek\u00f6rner nur dann f\u00fcr die Verbrennung zuzulassen, wenn diese qualitativ nicht als Lebens- oder Futtermittel geeignet sind.<\/b><\/p>\n<p>Die BVE hat sich in diesem Sinne gegen\u00fcber dem Bundesumweltministerium (<a href=\"http:\/\/www.bmu.de\/\" >BMU<\/a>) ge\u00e4u\u00dfert, das im Rahmen der Novellierung der Ersten Verordnung zur Durchf\u00fchrung des Bundes-Immissionsschutzgesetzes (1.BImSchV) in seinem Referentenentwurf vorgesehen hat, den Katalog biogener Brennstoffe, die in kleinen und mittleren Feuerungsanlagen eingesetzt werden d\u00fcrfen, unter anderem auch auf Getreideganzpflanzen und Getreidek\u00f6rner sowie entsprechende Pellets auszudehnen. Die ebenfalls vorgesehene Erweiterung des Brennstoffkataloges auf biogene Reststoffe wie Getreideausputz, Getreidespelzen, etc. begr\u00fc\u00dft die Ern\u00e4hrungsindustrie hingegen, weil dies zur Entlastung in der angespannten Rohstoffsituation beitragen kann.<\/p>\n<p><b>Kontakt<\/b><br \/><a href=\"http:\/\/www.bve-online.de\/\" >Bundesvereinigung der Deutschen Ern\u00e4hrungsindustrie e.V. (BVE)<\/a><br \/>Peter Feller<br \/>Tel.: 030-20 07 86-160, -161<br \/>E-Mail: <a href=\"mailto:pfeller@bve-online.de\">pfeller@bve-online.de<\/a><\/p>\n<p>(Vgl. Meldungen vom <a href=\"https:\/\/renewable-carbon.eu\/news\/fnr-getreide-als-brennstoff-zulassen\/\" >2007-06-21<\/a>, <a href=\"https:\/\/renewable-carbon.eu\/news\/zwei-seiten-einer-medaille-bioenergie-und-ernaehrungssicherheit\/\" >2007-04-02<\/a> und <a href=\"https:\/\/renewable-carbon.eu\/news\/getreide-brennt-am-besten\/\" >2006-04-13<\/a>.)<\/p>\n","protected":false},"excerpt":{"rendered":"<p><b>Die steigenden Rohstoffpreise f&uuml;r Getreide und das zunehmend knapper werdende Angebot erfordern aus Sicht der Ern&auml;hrungsindustrie einen sensiblen Umgang mit diesem wertvollen Rohstoff f&uuml;r die<\/b><\/p>\n","protected":false},"author":3,"featured_media":0,"comment_status":"closed","ping_status":"closed","sticky":false,"template":"","format":"standard","meta":{"_seopress_robots_primary_cat":"","nova_meta_subtitle":"","footnotes":""},"categories":[5572],"tags":[],"supplier":[],"class_list":["post-10369","post","type-post","status-publish","format-standard","hentry","category-bio-based"],"_links":{"self":[{"href":"https:\/\/renewable-carbon.eu\/news\/wp-json\/wp\/v2\/posts\/10369","targetHints":{"allow":["GET"]}}],"collection":[{"href":"https:\/\/renewable-carbon.eu\/news\/wp-json\/wp\/v2\/posts"}],"about":[{"href":"https:\/\/renewable-carbon.eu\/news\/wp-json\/wp\/v2\/types\/post"}],"author":[{"embeddable":true,"href":"https:\/\/renewable-carbon.eu\/news\/wp-json\/wp\/v2\/users\/3"}],"replies":[{"embeddable":true,"href":"https:\/\/renewable-carbon.eu\/news\/wp-json\/wp\/v2\/comments?post=10369"}],"version-history":[{"count":0,"href":"https:\/\/renewable-carbon.eu\/news\/wp-json\/wp\/v2\/posts\/10369\/revisions"}],"wp:attachment":[{"href":"https:\/\/renewable-carbon.eu\/news\/wp-json\/wp\/v2\/media?parent=10369"}],"wp:term":[{"taxonomy":"category","embeddable":true,"href":"https:\/\/renewable-carbon.eu\/news\/wp-json\/wp\/v2\/categories?post=10369"},{"taxonomy":"post_tag","embeddable":true,"href":"https:\/\/renewable-carbon.eu\/news\/wp-json\/wp\/v2\/tags?post=10369"},{"taxonomy":"supplier","embeddable":true,"href":"https:\/\/renewable-carbon.eu\/news\/wp-json\/wp\/v2\/supplier?post=10369"}],"curies":[{"name":"wp","href":"https:\/\/api.w.org\/{rel}","templated":true}]}}