{"id":10312,"date":"2007-09-19T00:00:00","date_gmt":"2007-09-18T22:00:00","guid":{"rendered":"http:\/\/www.bio-based.eu\/news\/index.php?startid=20070919-03n"},"modified":"2007-09-19T00:00:00","modified_gmt":"2007-09-18T22:00:00","slug":"wittenberge-geplante-privat-fh-soll-nawaro-verfahrenstechniker-ausbilden","status":"publish","type":"post","link":"https:\/\/renewable-carbon.eu\/news\/wittenberge-geplante-privat-fh-soll-nawaro-verfahrenstechniker-ausbilden\/","title":{"rendered":"Wittenberge: Geplante Privat-FH soll Nawaro-Verfahrenstechniker ausbilden"},"content":{"rendered":"<p><b>In Wittenberge wird die Gr\u00fcndung einer privaten Fachhochschule vorbereitet. Bereits im Dezember soll an der &#8220;Preu\u00dfischen Akademie f\u00fcr Zukunftsentwicklung&#8221; ein Bachelor-Studiengang der Verfahrenstechnik mit Schwerpunkt nachwachsende Rohstoffe und alternative Energien starten, so hoffen die Initiatoren.<\/b> <\/p>\n<p>F\u00fcr die k\u00fcnftige private Fachhochschule wurden bereits eine Studienkommission und ein Gr\u00fcndungsrektor benannt. Der ehemalige Verkehrsminister Prof. G\u00fcnther Krause soll der Akademie vorstehen.<\/p>\n<p>Kernst\u00fcck der Ausbildung sollen neuartige Reaktoren sein, mit deren Hilfe aus Stroh Bio-Erd\u00f6l hergestellt werden kann. &#8220;Die Technik ist im Grund einsatzbereit, ein transportabler, nur 50 Kilogramm schwerer Reaktor befindet sich derzeit in der Konstruktionsphase&#8221;, so Krause in der M\u00e4rkischen Allgemeinen (<a href=\"http:\/\/www.maerkischeallgemeine.de\/\" >MAZ<\/a>). Die Technologie, entwickelt am <a href=\"http:\/\/www.catalysis.de\/\" >Leibniz-Institut f\u00fcr organische Katalyse Rostock<\/a>, soll einen Effizienzgrad von 70 Prozent besitzen. Damit sei es m\u00f6glich, aus dem Stroh-Ertrag von 2.500 Hektar Fl\u00e4che ein ganzes Jahr lang 12 Tonnen Erd\u00f6l t\u00e4glich zu erzeugen. &#8220;Wichtig ist es, diese Anlagen dezentral aufzustellen, bei den Landwirten&#8221;, sagte G\u00fcnther Krause. <\/p>\n<p>Die Wittenberger Studenten sollen praxis- und wirtschaftsnah ausgebildet. &#8220;Im Idealfall unterst\u00fctzen die Betriebe ihren Nachwuchs bei der Ausbildung zu 80 Prozent&#8221;, sagte Heinz Thiede. Auf diesem Weg sei es m\u00f6glich, den monatlichen Eigenanteil f\u00fcr ein Studium auf etwa 120 Euro zu senken.<\/p>\n<p>(Vgl. Meldungen vom <a href=\"https:\/\/renewable-carbon.eu\/news\/nachwachsende-rohstoffe-wer-bildet-aus\/\" >2006-09-29<\/a> und <a href=\"https:\/\/renewable-carbon.eu\/news\/neuer-prozess-zur-erzeugung-von-dieselkraftstoff-aus-biomasse-entwickelt\/\" >2005-06-14<\/a>.)<\/p>\n","protected":false},"excerpt":{"rendered":"<p><b>In Wittenberge wird die Gr&uuml;ndung einer privaten Fachhochschule vorbereitet. Bereits im Dezember soll an der &#8220;Preu&szlig;ischen Akademie f&uuml;r Zukunftsentwicklung&#8221; ein Bachelor-Studiengang der Verfahrenstechnik mit Schwerpunkt<\/b><\/p>\n","protected":false},"author":3,"featured_media":0,"comment_status":"closed","ping_status":"closed","sticky":false,"template":"","format":"standard","meta":{"_seopress_robots_primary_cat":"","nova_meta_subtitle":"","footnotes":""},"categories":[5572],"tags":[],"supplier":[],"class_list":["post-10312","post","type-post","status-publish","format-standard","hentry","category-bio-based"],"_links":{"self":[{"href":"https:\/\/renewable-carbon.eu\/news\/wp-json\/wp\/v2\/posts\/10312","targetHints":{"allow":["GET"]}}],"collection":[{"href":"https:\/\/renewable-carbon.eu\/news\/wp-json\/wp\/v2\/posts"}],"about":[{"href":"https:\/\/renewable-carbon.eu\/news\/wp-json\/wp\/v2\/types\/post"}],"author":[{"embeddable":true,"href":"https:\/\/renewable-carbon.eu\/news\/wp-json\/wp\/v2\/users\/3"}],"replies":[{"embeddable":true,"href":"https:\/\/renewable-carbon.eu\/news\/wp-json\/wp\/v2\/comments?post=10312"}],"version-history":[{"count":0,"href":"https:\/\/renewable-carbon.eu\/news\/wp-json\/wp\/v2\/posts\/10312\/revisions"}],"wp:attachment":[{"href":"https:\/\/renewable-carbon.eu\/news\/wp-json\/wp\/v2\/media?parent=10312"}],"wp:term":[{"taxonomy":"category","embeddable":true,"href":"https:\/\/renewable-carbon.eu\/news\/wp-json\/wp\/v2\/categories?post=10312"},{"taxonomy":"post_tag","embeddable":true,"href":"https:\/\/renewable-carbon.eu\/news\/wp-json\/wp\/v2\/tags?post=10312"},{"taxonomy":"supplier","embeddable":true,"href":"https:\/\/renewable-carbon.eu\/news\/wp-json\/wp\/v2\/supplier?post=10312"}],"curies":[{"name":"wp","href":"https:\/\/api.w.org\/{rel}","templated":true}]}}