{"id":10248,"date":"2007-08-01T00:00:00","date_gmt":"2007-07-31T22:00:00","guid":{"rendered":"http:\/\/www.bio-based.eu\/news\/index.php?startid=20070801-06n"},"modified":"2007-08-01T00:00:00","modified_gmt":"2007-07-31T22:00:00","slug":"aktionstage-nrw-spart-energie-mitmachen","status":"publish","type":"post","link":"https:\/\/renewable-carbon.eu\/news\/aktionstage-nrw-spart-energie-mitmachen\/","title":{"rendered":"Aktionstage &#8221;NRW spart Energie&#8221;: Mitmachen!"},"content":{"rendered":"<p><b>Der zeitgem\u00e4\u00dfe Umgang mit Energie steht im Mittelpunkt der Aktionstage &#8220;NRW spart Energie&#8221; vom 10. bis 17. Oktober 2007. Im Rahmen dieser Aktionstage sollen Nutzer und Betreiber von besonders vorbildlichen Energieeffizienztechniken bzw. erneuerbarer Energien ihre pers\u00f6nlichen Erfahrungen im Rahmen von &#8220;Tagen der offenen T\u00fcr&#8221; vermitteln.<\/b><\/p>\n<p>Vorbild ist der Tag der Architektur. Mit Workshops, Veranstaltungen, VHS-Kursen etc. sollen vom 10. bis zum 17. Oktober moderne Anlagen und Verfahren pr\u00e4sentiert werden. Die <a href=\"http:\/\/www.energieagentur.nrw.de\/\" >EnergieAgentur NRW<\/a>, die die Energieeffizienzoffensive koordiniert, hat unter <a href=\"http:\/\/www.nrw-spart-energie.de\/\" >www.nrw-spart-energie.de<\/a> eine Internetplattform erstellt. Hier k\u00f6nnen die entsprechenden Angebote eingetragen und ver\u00f6ffentlicht werden.<\/p>\n<p>Mitmachen k\u00f6nnen alle Anbieter, Besitzer oder Installateure von energieeffizienten technischen L\u00f6sungen: Blockheizkraftwerke, Nutzer der Geb\u00e4udeautomation, Besitzer oder Bewohner von Passivh\u00e4usern, von energieeffizient sanierten Geb\u00e4uden oder von H\u00e4usern in Solarsiedlungen, Nutzer von W\u00e4rmepumpen, aber auch Biomasse-Anlagen zur Strom- und W\u00e4rmeerzeugung, von Photovoltaik- oder Solarthermieanlagen oder Wasserkraftanlagen.<\/p>\n<p>Pr\u00e4sentieren k\u00f6nnen sich Unternehmen wie Privatleute, Architekten, Handwerker oder Ingenieure in Sachen Energieeffizienz durch einen Tag der offenen T\u00fcr, einen Vortrag, eine Ausstellung oder F\u00fchrung. Kommunen oder Kammern k\u00f6nnen Veranstaltungen zu den Themen Energieeffizienz und Energieeinsparung organisieren, Schulen, Universit\u00e4ten, Kinderg\u00e4rten oder Kirchengemeinden, die Projekte zum Thema durchf\u00fchren, sind herzlich eingeladen, ihre Ergebnisse und Beitr\u00e4ge der \u00d6ffentlichkeit vorzustellen.<\/p>\n<p>Die Tage sollen im Energieland Nr. 1 Nordrhein-Westfalen mit besonders vielen und anschaulichen Beispielen, Besichtigungen und Veranstaltungen gef\u00fcllt werden. Flankiert werden diese Angebote mit einer Tour des Energieberatungsmobils NRW der EnergieAgentur.NRW, mit einer Journalistenreise zu ausgew\u00e4hlten umgesetzten Energieeffizienz-Projekten, mit der Verleihung des European Energy Awards NRW und diversen anderen Veranstaltungen.<\/p>\n<p><b>Infos zur Teilnahme<\/b><br \/>Die organisatorische Leitung zur Durchf\u00fchrung der Aktionstage liegt bei der EnergieAgentur NRW. Alle Informationen zum Ablauf und zur Anmeldung f\u00fcr die Aktionstage &#8220;NRW spart Energie&#8221; vom 10. bis 17. Oktober stehen im Netz unter: <a href=\"http:\/\/www.nrw-spart-energie.de\/\" >www.nrw-spart-energie.de<\/a>. Wer sich beteiligen und aktiv werden m\u00f6chte, kann sich unter dieser Internetadresse selbst anmelden oder sich durch die EnergieAgentur NRW eintragen lassen (Tel.: 01803\/19 0000). Ben\u00f6tigt werden lediglich Name und Adresse, der Besichtigungszeitraum (z.B. 13.10.07: 10.00 &#8211; 16.00 Uhr) und eine Information zur Anlage oder zum Projekt, die\/das besichtigt werden kann.<\/p>\n<p>Jeder Eintrag wird von der EnergieAgentur freigeschaltet. Nach Freischaltung erscheinen die Veranstaltungen nach Postleitzahlen geordnet auf der Internetseite &#8211; und Interessenten k\u00f6nnen sehen, wo in ihrer N\u00e4he eine Anlage ge\u00f6ffnet ist. Anmeldeschluss ist der 01. Oktober. Jeder Veranstalter erh\u00e4lt nach seiner Anmeldung ein Plakat von der EnergieAgentur.NRW in gedruckter Form, so dass er damit auf die &#8220;Offene T\u00fcr&#8221; hinweisen kann. Zugleich erh\u00e4lt er eine druckf\u00e4hige Datei, die er nach Belieben einsetzen kann.<\/p>\n<p><b>Weitere Informationen<\/b><br \/>EnergieAgentur.NRW<br \/>Dr. Joachim Frielingsdorf<br \/>Tel.: 01803-19 00 00 (9 ct. pro  Min. aus dem dt. Festnetz).<br \/>Internet: <a href=\"http:\/\/www.nrw-spart-energie.de\/\" >www.nrw-spart-energie.de<\/a>, <a href=\"http:\/\/www.energieagentur.nrw.de\/\" >www.energieagentur.nrw.de<\/a><\/p>\n","protected":false},"excerpt":{"rendered":"<p><b>Der zeitgem&auml;&szlig;e Umgang mit Energie steht im Mittelpunkt der Aktionstage &#8220;NRW spart Energie&#8221; vom 10. bis 17. Oktober 2007. Im Rahmen dieser Aktionstage sollen Nutzer<\/b><\/p>\n","protected":false},"author":3,"featured_media":0,"comment_status":"closed","ping_status":"closed","sticky":false,"template":"","format":"standard","meta":{"_seopress_robots_primary_cat":"","nova_meta_subtitle":"","footnotes":""},"categories":[5572],"tags":[],"supplier":[],"class_list":["post-10248","post","type-post","status-publish","format-standard","hentry","category-bio-based"],"_links":{"self":[{"href":"https:\/\/renewable-carbon.eu\/news\/wp-json\/wp\/v2\/posts\/10248","targetHints":{"allow":["GET"]}}],"collection":[{"href":"https:\/\/renewable-carbon.eu\/news\/wp-json\/wp\/v2\/posts"}],"about":[{"href":"https:\/\/renewable-carbon.eu\/news\/wp-json\/wp\/v2\/types\/post"}],"author":[{"embeddable":true,"href":"https:\/\/renewable-carbon.eu\/news\/wp-json\/wp\/v2\/users\/3"}],"replies":[{"embeddable":true,"href":"https:\/\/renewable-carbon.eu\/news\/wp-json\/wp\/v2\/comments?post=10248"}],"version-history":[{"count":0,"href":"https:\/\/renewable-carbon.eu\/news\/wp-json\/wp\/v2\/posts\/10248\/revisions"}],"wp:attachment":[{"href":"https:\/\/renewable-carbon.eu\/news\/wp-json\/wp\/v2\/media?parent=10248"}],"wp:term":[{"taxonomy":"category","embeddable":true,"href":"https:\/\/renewable-carbon.eu\/news\/wp-json\/wp\/v2\/categories?post=10248"},{"taxonomy":"post_tag","embeddable":true,"href":"https:\/\/renewable-carbon.eu\/news\/wp-json\/wp\/v2\/tags?post=10248"},{"taxonomy":"supplier","embeddable":true,"href":"https:\/\/renewable-carbon.eu\/news\/wp-json\/wp\/v2\/supplier?post=10248"}],"curies":[{"name":"wp","href":"https:\/\/api.w.org\/{rel}","templated":true}]}}