{"id":10223,"date":"2007-08-08T00:00:00","date_gmt":"2007-08-07T22:00:00","guid":{"rendered":"http:\/\/www.bio-based.eu\/news\/index.php?startid=20070808-04n"},"modified":"2007-08-08T00:00:00","modified_gmt":"2007-08-07T22:00:00","slug":"ufop-marktinformation-oelsaaten-und-biokraftstoffe-august-2007","status":"publish","type":"post","link":"https:\/\/renewable-carbon.eu\/news\/ufop-marktinformation-oelsaaten-und-biokraftstoffe-august-2007\/","title":{"rendered":"UFOP-Marktinformation \u00d6lsaaten und Biokraftstoffe &#8211; August 2007"},"content":{"rendered":"<p><img SRC=\"https:\/\/renewable-carbon.eu\/news\/wp-content\/uploads\/news-images\/20070808-04\/Bild_1.jpg\" align=\"left\" style=\"margin-right:10px;\" BORDER=\"0\" ALT=\"Bild_1.jpg\"\/><b>ZMP: \u00d6lsaaten<\/b><br \/>Rapsernte in Sp\u00e4tgebieten witterungsbedingt erheblich verz\u00f6gert +++ au\u00dfer im S\u00fcden h\u00e4ufig unbefriedigende Ertr\u00e4ge und \u00d6lgehalte +++ Rapshausse auch von europaweit ung\u00fcnstigen Ergebnissen angeheizt<\/p>\n<p><b>ZMP: \u00d6lschrote und -presskuchen<\/b><br \/>\u00d6lschrote im Sog fester Rohstoffpreise +++ Anhaltend reges Kaufinteresse der Mischfutterhersteller +++ auch Rapspresskuchenpreise weiterhin gefragt, Preise ziehen an<\/p>\n<p><b>ZMP: Pflanzen\u00f6le<\/b><br \/>Pflanzen\u00f6le am Weltmarkt knapp und teuer +++ Schwache Raps\u00f6lgehalte treiben bei uns Forderungen zus\u00e4tzlich nach oben +++ gegenl\u00e4ufige Entwicklung der Kurse engen Biodieselkalkulation erneut deutlich ein<\/p>\n<p><b>UFOP: Biokraftstoffe<\/b><br \/>Im Juli leicht steigenden Biodieselforderungen +++ trotz Verarbeitungsr\u00fcckgang weiterhin mehr Angebot als Nachfrage durch wachsende Importe +++ Roh\u00f6lnotierung Mitte Juli auf neuem Jahresh\u00f6chststand aber noch unter Vorjahr<br style=\"clear:left;\"\/><br \/><a href=\"http:\/\/www.zmp.de\/agrarmarkt\/oelsaaten.asp\" >Mehr Informationen bei der ZMP<\/a><br \/><a href=\"https:\/\/renewable-carbon.eu\/news\/wp-content\/uploads\/news-images\/20070808-04\/Marktinformation_August2007.pdf\" >Marktinformation_August 2007.pdf<\/a> (PDF-Download)<\/p>\n<p>(Vgl. Meldung vom <a href=\"https:\/\/renewable-carbon.eu\/news\/eu-bauernverbaende-fordern-importbeschraenkung-fuer-biokraftstoffe\/\" >2007-07-24<\/a>, <a href=\"https:\/\/renewable-carbon.eu\/news\/zmp-marktbilanz-getreide-oelsaaten-futtermittel-2007\/\" >2007-07-18<\/a> und <a href=\"https:\/\/renewable-carbon.eu\/news\/ufop-marktinformation-oelsaaten-und-biokraftstoffe-juni-2007\/\" >2007-06-22<\/a>.)<\/p>\n","protected":false},"excerpt":{"rendered":"<p><b>ZMP: &Ouml;lsaaten<\/b><br \/>Rapsernte in Sp&auml;tgebieten witterungsbedingt erheblich verz&ouml;gert +++ au&szlig;er im S&uuml;den h&auml;ufig unbefriedigende Ertr&auml;ge und &Ouml;lgehalte +++ Rapshausse auch von europaweit ung&uuml;nstigen Ergebnissen angeheizt<\/p>\n","protected":false},"author":3,"featured_media":0,"comment_status":"closed","ping_status":"closed","sticky":false,"template":"","format":"standard","meta":{"_seopress_robots_primary_cat":"","nova_meta_subtitle":"","footnotes":""},"categories":[5572],"tags":[],"supplier":[],"class_list":["post-10223","post","type-post","status-publish","format-standard","hentry","category-bio-based"],"_links":{"self":[{"href":"https:\/\/renewable-carbon.eu\/news\/wp-json\/wp\/v2\/posts\/10223","targetHints":{"allow":["GET"]}}],"collection":[{"href":"https:\/\/renewable-carbon.eu\/news\/wp-json\/wp\/v2\/posts"}],"about":[{"href":"https:\/\/renewable-carbon.eu\/news\/wp-json\/wp\/v2\/types\/post"}],"author":[{"embeddable":true,"href":"https:\/\/renewable-carbon.eu\/news\/wp-json\/wp\/v2\/users\/3"}],"replies":[{"embeddable":true,"href":"https:\/\/renewable-carbon.eu\/news\/wp-json\/wp\/v2\/comments?post=10223"}],"version-history":[{"count":0,"href":"https:\/\/renewable-carbon.eu\/news\/wp-json\/wp\/v2\/posts\/10223\/revisions"}],"wp:attachment":[{"href":"https:\/\/renewable-carbon.eu\/news\/wp-json\/wp\/v2\/media?parent=10223"}],"wp:term":[{"taxonomy":"category","embeddable":true,"href":"https:\/\/renewable-carbon.eu\/news\/wp-json\/wp\/v2\/categories?post=10223"},{"taxonomy":"post_tag","embeddable":true,"href":"https:\/\/renewable-carbon.eu\/news\/wp-json\/wp\/v2\/tags?post=10223"},{"taxonomy":"supplier","embeddable":true,"href":"https:\/\/renewable-carbon.eu\/news\/wp-json\/wp\/v2\/supplier?post=10223"}],"curies":[{"name":"wp","href":"https:\/\/api.w.org\/{rel}","templated":true}]}}