{"id":10216,"date":"2007-08-10T00:00:00","date_gmt":"2007-08-09T22:00:00","guid":{"rendered":"http:\/\/www.bio-based.eu\/news\/index.php?startid=20070810-06n"},"modified":"2007-08-10T00:00:00","modified_gmt":"2007-08-09T22:00:00","slug":"dhl-flaechendeckend-klimaneutrale-paeckchen","status":"publish","type":"post","link":"https:\/\/renewable-carbon.eu\/news\/dhl-flaechendeckend-klimaneutrale-paeckchen\/","title":{"rendered":"DHL: Fl\u00e4chendeckend klimaneutrale P\u00e4ckchen"},"content":{"rendered":"<p><b>Das umweltschonende Plusp\u00e4ckchen GoGreen gibt es ab August 2007 in allen deutschen Postfilialen. Das P\u00e4ckchen ist eine praktische Kombination aus Recycling Verpackung und Porto, das den klimaneutralen Versand innerhalb Deutschlands erm\u00f6glicht. <a href=\"http:\/\/www.dhl.de\/\" >DHL<\/a> berechnet die beim Transport des Plusp\u00e4ckchens entstehenden CO<sub>2<\/sub>-Emissionen und gleicht diese durch Klimaschutzma\u00dfnahmen aus. Der weltweit f\u00fchrende Express- und Logistikdienstleister ist damit in Deutschland der erste und einzige fl\u00e4chendeckende Anbieter von CO<sub>2<\/sub>-neutralen Paketen und P\u00e4ckchen f\u00fcr Gesch\u00e4fts- und Privatkunden.<\/b><\/p>\n<p>Das Plusp\u00e4ckchen GoGreen gibt es in zwei Verpackungsgr\u00f6\u00dfen mit einem Maximalgewicht von 20 Kilogramm. Der Preis f\u00fcr das Plusp\u00e4ckchen GoGreen betr\u00e4gt unabh\u00e4ngig von Gr\u00f6\u00dfe und Gewicht 5,99 Euro, ebenso wie f\u00fcr das herk\u00f6mmliche Plusp\u00e4ckchen, das durch die umweltfreundliche Variante vollst\u00e4ndig ersetzt wird. Der Ausgleich der CO<sub>2<\/sub>-Emissionen erfolgt durch interne und externe Klimaschutzprojekte wie etwa die Einf\u00fchrung von Fahrzeugen mit alternativen Antrieben oder die Errichtung von Solarenergieanlagen in S\u00fcd-Ost-Asien und die Wiederaufforstung von Regenw\u00e4ldern in Lateinamerika.<\/p>\n<p>Die Klimaschutzprojekte werden j\u00e4hrlich von einer unabh\u00e4ngigen Zertifizierungsgesellschaft auf Basis der Richtlinien des Kyoto-Protokolls \u00fcberpr\u00fcft. &#8220;Unsere GoGreen-Initiative ist einzigartig in der Logistikindustrie&#8221;, sagt Uwe Brinks, Vorsitzender des Bereichsvorstands Paket Deutschland bei der <a href=\"http:\/\/www.deutschepost.de\/\" >Deutschen Post<\/a>. &#8220;Mit diesem Nachhaltigkeitskonzept werden wir als f\u00fchrender Logistikkonzern unserer gesellschaftlichen Verantwortung gerecht. Gleichzeitig erm\u00f6glichen wir es unseren Kunden, sich aktiv am Klimaschutz zu beteiligen.&#8221;<\/p>\n<p>Die <a href=\"http:\/\/www.dpwn.de\/\" >Deutsche Post World Net<\/a> startete ihre GoGreen-Initiative im Jahr 2005 zun\u00e4chst mit Pilotprojekten. Seit 2006 haben Gesch\u00e4ftskunden in ganz Europa die M\u00f6glichkeit, ihre Pakete klimaneutral zu versenden und im vergangenen Jahr wurde das Plusp\u00e4ckchen GoGreen als erstes Privatkundenprodukt in 2.000 Filialen der Deutschen Post getestet. Seit Februar 2007 haben Privatkunden au\u00dferdem die M\u00f6glichkeit, \u00fcber die Internetseite <a href=\"http:\/\/www.dhl.de\/onlinefrankierung\" >www.dhl.de\/onlinefrankierung<\/a> alle P\u00e4ckchen und Pakete innerhalb Deutschlands CO<sub>2<\/sub>-neutral zu versenden.<\/p>\n","protected":false},"excerpt":{"rendered":"<p><b>Das umweltschonende Plusp&auml;ckchen GoGreen gibt es ab August 2007 in allen deutschen Postfilialen. Das P&auml;ckchen ist eine praktische Kombination aus Recycling Verpackung und Porto, das<\/b><\/p>\n","protected":false},"author":3,"featured_media":0,"comment_status":"closed","ping_status":"closed","sticky":false,"template":"","format":"standard","meta":{"_seopress_robots_primary_cat":"","nova_meta_subtitle":"","footnotes":""},"categories":[5572],"tags":[],"supplier":[],"class_list":["post-10216","post","type-post","status-publish","format-standard","hentry","category-bio-based"],"_links":{"self":[{"href":"https:\/\/renewable-carbon.eu\/news\/wp-json\/wp\/v2\/posts\/10216","targetHints":{"allow":["GET"]}}],"collection":[{"href":"https:\/\/renewable-carbon.eu\/news\/wp-json\/wp\/v2\/posts"}],"about":[{"href":"https:\/\/renewable-carbon.eu\/news\/wp-json\/wp\/v2\/types\/post"}],"author":[{"embeddable":true,"href":"https:\/\/renewable-carbon.eu\/news\/wp-json\/wp\/v2\/users\/3"}],"replies":[{"embeddable":true,"href":"https:\/\/renewable-carbon.eu\/news\/wp-json\/wp\/v2\/comments?post=10216"}],"version-history":[{"count":0,"href":"https:\/\/renewable-carbon.eu\/news\/wp-json\/wp\/v2\/posts\/10216\/revisions"}],"wp:attachment":[{"href":"https:\/\/renewable-carbon.eu\/news\/wp-json\/wp\/v2\/media?parent=10216"}],"wp:term":[{"taxonomy":"category","embeddable":true,"href":"https:\/\/renewable-carbon.eu\/news\/wp-json\/wp\/v2\/categories?post=10216"},{"taxonomy":"post_tag","embeddable":true,"href":"https:\/\/renewable-carbon.eu\/news\/wp-json\/wp\/v2\/tags?post=10216"},{"taxonomy":"supplier","embeddable":true,"href":"https:\/\/renewable-carbon.eu\/news\/wp-json\/wp\/v2\/supplier?post=10216"}],"curies":[{"name":"wp","href":"https:\/\/api.w.org\/{rel}","templated":true}]}}