{"id":10215,"date":"2007-08-10T00:00:00","date_gmt":"2007-08-09T22:00:00","guid":{"rendered":"http:\/\/www.bio-based.eu\/news\/index.php?startid=20070810-08n"},"modified":"2007-08-10T00:00:00","modified_gmt":"2007-08-09T22:00:00","slug":"suedtirol-papiertueten-aus-apfelrueckstaenden","status":"publish","type":"post","link":"https:\/\/renewable-carbon.eu\/news\/suedtirol-papiertueten-aus-apfelrueckstaenden\/","title":{"rendered":"S\u00fcdtirol: Papiert\u00fcten aus Apfelr\u00fcckst\u00e4nden"},"content":{"rendered":"<p><b>Die auf Biorecycling spezialisierte <a href=\"http:\/\/www.ecoapple.com\/\" >Ecoapple S\u00fcdtirol Alto-Adige Srl<\/a> plant in Bronzolo bei Bozen ein zus\u00e4tzliches Werk zur Aufbereitung von Apfelr\u00fcckst\u00e4nden zu bauen. In Zusammenarbeit mit der Region Abruzzen ist au\u00dferdem die Errichtung einer Fabrik zur Abfallverwertung der Karotten und Fenchel verarbeitenden Betriebe geplant.<\/b><\/p>\n<p>Ausgangspunkt war das im Jahre 2003 von Firmenleiter Alberto Volcan entwickelte Verfahren zur k\u00fcnstlichen Trocknung von Apfelschalen, bei dem die Zucker &#8211; und Zelluloseanteile (50 und 70 Prozent) unver\u00e4ndert bleiben. Das daraus gewonnene Mehl wird seither in der Cartiera di Galliera Veneta zu \u00d6kopapier verarbeitet, dessen mechanische und drucktechnische Eigenschaften denen von Normal- und Recyclingpapier gleichkommen. Verwendet wird es vor allem bei der Herstellung von Einkaufst\u00fcten f\u00fcr franz\u00f6sische Biolebensmittel- und Model\u00e4den.<\/p>\n<p>Alberto Volcan, Hauptgesch\u00e4ftsf\u00fchrer und Mitgesellschafter von Ecoapple, erkl\u00e4rte: &#8220;Durch die Neuinvestition werden wir den Umsatz bis 2008 auf vier Mio. Euro vervierfachen. Wir verarbeiten im Jahr rund 50.000 Tonnen Abf\u00e4lle aus der Fruchtsaftherstellung. Allein in den S\u00fcdtiroler Verarbeitungsbetrieben fallen j\u00e4hrlich 40.000 Tonnen und im gesamten EU-Raum \u00fcber 500.000 Tonnen an.<\/p>\n<p>Bei unserem Verfahren handelt es sich um eine kostensenkende Ma\u00dfnahme, da das Ausbringen von Apfelr\u00fcckst\u00e4nden auf dem Feld und die Verf\u00fctterung im Stall wegen der Pilzgefahr verboten sind.&#8221; Mit Hilfe der innovativen Technologie kann auf die aufwendige Entsorgung der rasch fermentierenden und geruchsstarken Abf\u00e4lle auf Deponien verzichtet werden. Volcan will die Technologie auch in China bekannt machen, wo bereits mehrere Standorte vorbereitet werden.<\/p>\n<p>Doch der findige 65-j\u00e4hrige Ingenieur und Inhaber eines Patentes f\u00fcr Kunststoffrecycling denkt bereits einen Schritt weiter. Mit seiner neu gegr\u00fcndeten &#8220;Ecopixy&#8221; wendet er sich mit koloriertem Bioleder an die Modemacher. Ein weiterer Anwendungsbereich sind isolierende Baustoffe, die aus Apfelmehl, Kartoffeln, Milch und einem hochresistenten biologischen Kleber gefertigt sind. Volcan will davon j\u00e4hrlich 30.000 Tonnen vom Band laufen lassen.<\/p>\n<p>(Vgl. Meldungen vom <a href=\"https:\/\/renewable-carbon.eu\/news\/usa-essbares-butterbrotpapier-aus-fruechten\/\" >2003-07-27<\/a>, <a href=\"https:\/\/renewable-carbon.eu\/news\/sterreich-verbot-fr-nicht-biogene-plastiksackerln-gefordert\/\" >2006-12-19<\/a> und <a href=\"https:\/\/renewable-carbon.eu\/news\/san-francisco-verbietet-plastiktueten\/\" >2007-04-02<\/a>.)<\/p>\n","protected":false},"excerpt":{"rendered":"<p><b>Die auf Biorecycling spezialisierte Ecoapple S&uuml;dtirol Alto-Adige Srl plant in Bronzolo bei Bozen ein zus&auml;tzliches Werk zur Aufbereitung von Apfelr&uuml;ckst&auml;nden zu bauen. In Zusammenarbeit mit<\/b><\/p>\n","protected":false},"author":3,"featured_media":0,"comment_status":"closed","ping_status":"closed","sticky":false,"template":"","format":"standard","meta":{"_seopress_robots_primary_cat":"","nova_meta_subtitle":"","footnotes":""},"categories":[5572],"tags":[],"supplier":[],"class_list":["post-10215","post","type-post","status-publish","format-standard","hentry","category-bio-based"],"_links":{"self":[{"href":"https:\/\/renewable-carbon.eu\/news\/wp-json\/wp\/v2\/posts\/10215","targetHints":{"allow":["GET"]}}],"collection":[{"href":"https:\/\/renewable-carbon.eu\/news\/wp-json\/wp\/v2\/posts"}],"about":[{"href":"https:\/\/renewable-carbon.eu\/news\/wp-json\/wp\/v2\/types\/post"}],"author":[{"embeddable":true,"href":"https:\/\/renewable-carbon.eu\/news\/wp-json\/wp\/v2\/users\/3"}],"replies":[{"embeddable":true,"href":"https:\/\/renewable-carbon.eu\/news\/wp-json\/wp\/v2\/comments?post=10215"}],"version-history":[{"count":0,"href":"https:\/\/renewable-carbon.eu\/news\/wp-json\/wp\/v2\/posts\/10215\/revisions"}],"wp:attachment":[{"href":"https:\/\/renewable-carbon.eu\/news\/wp-json\/wp\/v2\/media?parent=10215"}],"wp:term":[{"taxonomy":"category","embeddable":true,"href":"https:\/\/renewable-carbon.eu\/news\/wp-json\/wp\/v2\/categories?post=10215"},{"taxonomy":"post_tag","embeddable":true,"href":"https:\/\/renewable-carbon.eu\/news\/wp-json\/wp\/v2\/tags?post=10215"},{"taxonomy":"supplier","embeddable":true,"href":"https:\/\/renewable-carbon.eu\/news\/wp-json\/wp\/v2\/supplier?post=10215"}],"curies":[{"name":"wp","href":"https:\/\/api.w.org\/{rel}","templated":true}]}}