{"id":10195,"date":"2007-06-08T00:00:00","date_gmt":"2007-06-07T22:00:00","guid":{"rendered":"http:\/\/www.bio-based.eu\/news\/index.php?startid=20070608-01n"},"modified":"2007-06-08T00:00:00","modified_gmt":"2007-06-07T22:00:00","slug":"fnr-auf-dem-evangelischen-kirchentag-in-koeln","status":"publish","type":"post","link":"https:\/\/renewable-carbon.eu\/news\/fnr-auf-dem-evangelischen-kirchentag-in-koeln\/","title":{"rendered":"FNR auf dem Evangelischen Kirchentag in K\u00f6ln"},"content":{"rendered":"<p><b>Vom 7. bis 9. Juni ist die Fachagentur Nachwachsende Rohstoffe (<a href=\"http:\/\/www.fnr.de\/\" >FNR<\/a>) auf dem <a href=\"http:\/\/www.kirchentag.de\/\" >31. Deutschen Evangelischen Kirchentag<\/a> auf dem <a href=\"http:\/\/www.koelnmesse.de\/\" >K\u00f6lner Messegel\u00e4nde<\/a> dabei. Im &#8220;Markt der M\u00f6glichkeiten&#8221; geht es zusammen mit rund 750 weiteren Gruppen um Visionen und Alternativen in allen gesellschaftlichen Bereichen.<\/b><\/p>\n<p>Die FNR steht f\u00fcr die Alternative &#8220;Nachwachsende Rohstoffe&#8221; und hat diesmal insbesondere das Thema Biokraftstoffe im Gep\u00e4ck. Da diese schon heute zum Ersatz fossiler Rohstoffe und zum Klimaschutz beitragen, stellen sich hier nicht nur Zukunftsfragen, sondern auch ganz konkrete zur Anwendung von Biodiesel, Pflanzen\u00f6l und Co. Die FNR ber\u00e4t, von praktischen Tipps \u00fcber Informationen zur rechtlichen Situation bis hin zu den von ihr gef\u00f6rderten Forschungsprojekten.<\/p>\n<p>Weitere Themen sind das F\u00f6rderprogramm zu Naturd\u00e4mmstoffen, Biokunststoffe, Heizen mit Holz und vieles mehr.<\/p>\n<p>Die FNR befindet sich an Stand A 09 in Halle 2.1 im Marktbereich Welt \u2013 Wissenschaft und Technologie.<\/p>\n<p>(Vergl. Nachrichten vom <a href=\"https:\/\/renewable-carbon.eu\/news\/fnr-informiert-und-praemiert-auf-der-ligna\/\" >2007-05-07<\/a>, <a href=\"https:\/\/renewable-carbon.eu\/news\/info-truck-zu-biomassenutzung-tourt-durch-hessen\/\" >2007-06-01<\/a> und <a href=\"https:\/\/renewable-carbon.eu\/news\/fnr-legt-jahresbericht-20052006-vor\/\" >2007-01-25<\/a>.)<\/p>\n","protected":false},"excerpt":{"rendered":"<p><b>Vom 7. bis 9. Juni ist die Fachagentur Nachwachsende Rohstoffe (FNR) auf dem 31. Deutschen Evangelischen Kirchentag auf dem K&ouml;lner Messegel&auml;nde dabei. Im &#8220;Markt der<\/b><\/p>\n","protected":false},"author":3,"featured_media":0,"comment_status":"closed","ping_status":"closed","sticky":false,"template":"","format":"standard","meta":{"_seopress_robots_primary_cat":"","nova_meta_subtitle":"","footnotes":""},"categories":[5572],"tags":[],"supplier":[],"class_list":["post-10195","post","type-post","status-publish","format-standard","hentry","category-bio-based"],"_links":{"self":[{"href":"https:\/\/renewable-carbon.eu\/news\/wp-json\/wp\/v2\/posts\/10195","targetHints":{"allow":["GET"]}}],"collection":[{"href":"https:\/\/renewable-carbon.eu\/news\/wp-json\/wp\/v2\/posts"}],"about":[{"href":"https:\/\/renewable-carbon.eu\/news\/wp-json\/wp\/v2\/types\/post"}],"author":[{"embeddable":true,"href":"https:\/\/renewable-carbon.eu\/news\/wp-json\/wp\/v2\/users\/3"}],"replies":[{"embeddable":true,"href":"https:\/\/renewable-carbon.eu\/news\/wp-json\/wp\/v2\/comments?post=10195"}],"version-history":[{"count":0,"href":"https:\/\/renewable-carbon.eu\/news\/wp-json\/wp\/v2\/posts\/10195\/revisions"}],"wp:attachment":[{"href":"https:\/\/renewable-carbon.eu\/news\/wp-json\/wp\/v2\/media?parent=10195"}],"wp:term":[{"taxonomy":"category","embeddable":true,"href":"https:\/\/renewable-carbon.eu\/news\/wp-json\/wp\/v2\/categories?post=10195"},{"taxonomy":"post_tag","embeddable":true,"href":"https:\/\/renewable-carbon.eu\/news\/wp-json\/wp\/v2\/tags?post=10195"},{"taxonomy":"supplier","embeddable":true,"href":"https:\/\/renewable-carbon.eu\/news\/wp-json\/wp\/v2\/supplier?post=10195"}],"curies":[{"name":"wp","href":"https:\/\/api.w.org\/{rel}","templated":true}]}}