{"id":10192,"date":"2007-06-12T00:00:00","date_gmt":"2007-06-11T22:00:00","guid":{"rendered":"http:\/\/www.bio-based.eu\/news\/index.php?startid=20070612-09n"},"modified":"2007-06-12T00:00:00","modified_gmt":"2007-06-11T22:00:00","slug":"rp7-453-antraege-zur-werkstoff-forschung","status":"publish","type":"post","link":"https:\/\/renewable-carbon.eu\/news\/rp7-453-antraege-zur-werkstoff-forschung\/","title":{"rendered":"RP7: 453 Antr\u00e4ge zur Werkstoff-Forschung"},"content":{"rendered":"<p><b>Im 7. Forschungsrahmenprogramm (<a href=\"http:\/\/www.forschungsrahmenprogramm.de\/\" >RP7<\/a>) der Europ\u00e4ischen Union wird die Werkstoffforschung im Thema 4 &#8220;Nanowissenschaften, Nanotechnologien, Werkstoffe und neue Produktionstechnologien &#8211; NMP&#8221; unter der Rubrik 4.2.4. &#8220;Fortschritte in der Chemischen Technologie und der Werkstoffherstellung&#8221; besonders ber\u00fccksichtigt. Wie die <a href=\"http:\/\/ec.europa.eu\/\" >EU-Kommission<\/a> mitteilte, wurden f\u00fcr das gesamte Thema NMP in der ersten Antragsstufe der diesj\u00e4hrigen Ausschreibungsrunde 1.217 Antr\u00e4ge eingereicht.<\/b><\/p>\n<p>Die Antr\u00e4ge verteilen sich wie folgt auf die verschiedenen F\u00f6rderinstrumente: <\/p>\n<ul>\n<li>LARGE: 266 Antr\u00e4ge<\/li>\n<li>SMALL: 769 Antr\u00e4ge<\/li>\n<li>SME: 182 Antr\u00e4ge<\/li>\n<\/ul>\n<p>Gut ein Drittel der Antr\u00e4ge zum Thema NMP, n\u00e4mlich 453, entfielen auf den Bereich 4.2. &#8220;Werkstoffe&#8221;:<\/p>\n<ul>\n<li>LARGE: 106 Antr\u00e4ge<\/li>\n<li>SMALL: 332 Antr\u00e4ge<\/li>\n<li>SME: 15 Antr\u00e4ge<\/li>\n<\/ul>\n<p>Die Begutachtung der eingereichten Projektvorschl\u00e4ge findet zurzeit statt und wird voraussichtlich Ende Juni 2007 abgeschlossen sein. Die Benachrichtigung der einzelnen Projektkoordinatoren \u00fcber die Evaluierungsergebnisse soll bis Ende Juni erfolgt sein.<\/p>\n<p>Der Infobrief der Nationalen Kontaktstelle Werkstoffe des BMBF im 7. Forschungsrahmenprogramm der EU (<a href=\"http:\/\/www.nks-werkstoffe.de\/\" >NKS Werkstoffe<\/a>) weist auf laufende Ausschreibungen und Initiativen zur Werkstofforschung sowie auf Dokumente zur EU-Forschungsf\u00f6rderung hin. Der Infobrief 29 steht <a href=\"https:\/\/renewable-carbon.eu\/news\/wp-content\/uploads\/news-images\/20070612-09\/0706-werkstoffforschung-eu.pdf\" >hier<\/a> (PDF-Dokument) zur Verf\u00fcgung. <\/p>\n<p>(Vergl. Meldungen vom <a href=\"https:\/\/renewable-carbon.eu\/news\/rp7-kommission-veroeffentlicht-bilanz-der-strategie-fuer-biowissenschaften-und-biotechnologie\/\" >2007-04-13<\/a> und <a href=\"https:\/\/renewable-carbon.eu\/news\/eu-parlament-will-forschungsfoerderung-fuer-erneuerbare-energien-verdreifachen\/\" >2006-06-16<\/a>.)<\/p>\n","protected":false},"excerpt":{"rendered":"<p><b>Im 7. Forschungsrahmenprogramm (RP7) der Europ&auml;ischen Union wird die Werkstoffforschung im Thema 4 &#8220;Nanowissenschaften, Nanotechnologien, Werkstoffe und neue Produktionstechnologien &#8211; NMP&#8221; unter der Rubrik 4.2.4.<\/b><\/p>\n","protected":false},"author":3,"featured_media":0,"comment_status":"closed","ping_status":"closed","sticky":false,"template":"","format":"standard","meta":{"_seopress_robots_primary_cat":"","nova_meta_subtitle":"","footnotes":""},"categories":[5572],"tags":[],"supplier":[],"class_list":["post-10192","post","type-post","status-publish","format-standard","hentry","category-bio-based"],"_links":{"self":[{"href":"https:\/\/renewable-carbon.eu\/news\/wp-json\/wp\/v2\/posts\/10192","targetHints":{"allow":["GET"]}}],"collection":[{"href":"https:\/\/renewable-carbon.eu\/news\/wp-json\/wp\/v2\/posts"}],"about":[{"href":"https:\/\/renewable-carbon.eu\/news\/wp-json\/wp\/v2\/types\/post"}],"author":[{"embeddable":true,"href":"https:\/\/renewable-carbon.eu\/news\/wp-json\/wp\/v2\/users\/3"}],"replies":[{"embeddable":true,"href":"https:\/\/renewable-carbon.eu\/news\/wp-json\/wp\/v2\/comments?post=10192"}],"version-history":[{"count":0,"href":"https:\/\/renewable-carbon.eu\/news\/wp-json\/wp\/v2\/posts\/10192\/revisions"}],"wp:attachment":[{"href":"https:\/\/renewable-carbon.eu\/news\/wp-json\/wp\/v2\/media?parent=10192"}],"wp:term":[{"taxonomy":"category","embeddable":true,"href":"https:\/\/renewable-carbon.eu\/news\/wp-json\/wp\/v2\/categories?post=10192"},{"taxonomy":"post_tag","embeddable":true,"href":"https:\/\/renewable-carbon.eu\/news\/wp-json\/wp\/v2\/tags?post=10192"},{"taxonomy":"supplier","embeddable":true,"href":"https:\/\/renewable-carbon.eu\/news\/wp-json\/wp\/v2\/supplier?post=10192"}],"curies":[{"name":"wp","href":"https:\/\/api.w.org\/{rel}","templated":true}]}}