{"id":10181,"date":"2007-06-14T00:00:00","date_gmt":"2007-06-13T22:00:00","guid":{"rendered":"http:\/\/www.bio-based.eu\/news\/index.php?startid=20070614-04n"},"modified":"2007-06-14T00:00:00","modified_gmt":"2007-06-13T22:00:00","slug":"bundesverband-energieoel-e-v-kurz-vor-gruendung","status":"publish","type":"post","link":"https:\/\/renewable-carbon.eu\/news\/bundesverband-energieoel-e-v-kurz-vor-gruendung\/","title":{"rendered":"Bundesverband Energieoel e.V. kurz vor Gr\u00fcndung"},"content":{"rendered":"<p><b>Der Verein <a href=\"http:\/\/www.energieoel.org\/\" >Energieoel e.V. in Gr\u00fcndung<\/a> hatte zur Informationsveranstaltung nach Fulda eingeladen. Gekommen sind tatkr\u00e4ftige und engagierte Personen aus dem Umfeld der Energieerzeugungs- und Pflanzen\u00f6lbranche. Sie sind zu der \u00dcberzeugung gekommen, dass mit der z\u00fcgigen Gr\u00fcndung den Bundesverbands &#8220;energieoel e.V.&#8221; wichtige Ziele auf dem langen Weg der Abl\u00f6sung des Energiesektors von fossilen Energien erreicht werden k\u00f6nnen.<\/b> <\/p>\n<p>Energie\u00f6le aus Biomasse verschiedenster Herkunft und Erzeugung halten unersch\u00f6pfliche Mengen an gespeicherter Sonnenenergie bereit, deren Nutzung gef\u00f6rdert und dabei eine nachhaltige Wirtschaftsweise gefordert werden muss. Verschiedene Referenten trugen die Ziele des neuen Bundesverbands, derzeitige aktuelle Studien zur Zertifizierung der Pflanzen\u00f6le sowie bereits real in der Praxis begonnene Projekte zur nachhaltigen Erzeugung von Energie\u00f6len vor. <\/p>\n<p>In anschlie\u00dfenden Diskussionsrunden wurden Detailaspekte, Probleme und Chancen er\u00f6rtert und abschlie\u00dfend der Entschluss gefasst, den Bundesverband energieoel e.V. zu gr\u00fcnden. Derzeit wird die Satzung in Details \u00fcberarbeitet und einer juristischem Pr\u00fcfung unterzogen, sodass der Gr\u00fcndung in K\u00fcrze nichts mehr im Wege stehen wird. Ein Markt f\u00fcr &#8220;saubere&#8221; Energie\u00f6le sei vorhanden, sagte ein Teilnehmer, es komme jetzt jedoch darauf an, rechtzeitig die Weichen zu stellen, bevor der Zug abgefahren sei.<\/p>\n<p>H\u00f6chste Zeit also, sich daher an die verschiedenen Interessengruppen sowie politischen Vertreter zu wenden, um die Positionen des Verbands, zuk\u00fcnftige Strategien, nachhaltige Konzepte und erfolgreiche Praxisbeispiele zur nachhaltigen Erzeugung von Energie aus nachwachsender Biomasse zu pr\u00e4sentieren.<\/p>\n<p>Ausf\u00fchrlichere Informationen \u00fcber die Veranstaltung und den neuen Bundesverband finden Sie unter <a href=\"http:\/\/www.energieoel.org\/\" >www.energieoel.org<\/a>.<\/p>\n<p><b>Kontakt<\/b><br \/><a href=\"http:\/\/www.energieoel.org\/\" >Energieoel e.V. in Gr\u00fcndung<\/a><br \/>Markus Laps<br \/>E-Mail: <a href=\"mailto:m.laps@energieoel.org\">m.laps@energieoel.org<\/a><\/p>\n<p>(Vgl. Meldung vom <a href=\"https:\/\/renewable-carbon.eu\/news\/pflanzenoel-grossverbraucher-gruenden-bundesverband\/\" >2007-06-05<\/a>.)<\/p>\n","protected":false},"excerpt":{"rendered":"<p><b>Der Verein Energieoel e.V. in Gr&uuml;ndung hatte zur Informationsveranstaltung nach Fulda eingeladen. Gekommen sind tatkr&auml;ftige und engagierte Personen aus dem Umfeld der Energieerzeugungs- und Pflanzen&ouml;lbranche.<\/b><\/p>\n","protected":false},"author":3,"featured_media":0,"comment_status":"closed","ping_status":"closed","sticky":false,"template":"","format":"standard","meta":{"_seopress_robots_primary_cat":"","nova_meta_subtitle":"","footnotes":""},"categories":[5572],"tags":[],"supplier":[],"class_list":["post-10181","post","type-post","status-publish","format-standard","hentry","category-bio-based"],"_links":{"self":[{"href":"https:\/\/renewable-carbon.eu\/news\/wp-json\/wp\/v2\/posts\/10181","targetHints":{"allow":["GET"]}}],"collection":[{"href":"https:\/\/renewable-carbon.eu\/news\/wp-json\/wp\/v2\/posts"}],"about":[{"href":"https:\/\/renewable-carbon.eu\/news\/wp-json\/wp\/v2\/types\/post"}],"author":[{"embeddable":true,"href":"https:\/\/renewable-carbon.eu\/news\/wp-json\/wp\/v2\/users\/3"}],"replies":[{"embeddable":true,"href":"https:\/\/renewable-carbon.eu\/news\/wp-json\/wp\/v2\/comments?post=10181"}],"version-history":[{"count":0,"href":"https:\/\/renewable-carbon.eu\/news\/wp-json\/wp\/v2\/posts\/10181\/revisions"}],"wp:attachment":[{"href":"https:\/\/renewable-carbon.eu\/news\/wp-json\/wp\/v2\/media?parent=10181"}],"wp:term":[{"taxonomy":"category","embeddable":true,"href":"https:\/\/renewable-carbon.eu\/news\/wp-json\/wp\/v2\/categories?post=10181"},{"taxonomy":"post_tag","embeddable":true,"href":"https:\/\/renewable-carbon.eu\/news\/wp-json\/wp\/v2\/tags?post=10181"},{"taxonomy":"supplier","embeddable":true,"href":"https:\/\/renewable-carbon.eu\/news\/wp-json\/wp\/v2\/supplier?post=10181"}],"curies":[{"name":"wp","href":"https:\/\/api.w.org\/{rel}","templated":true}]}}