{"id":10169,"date":"2007-06-19T00:00:00","date_gmt":"2007-06-18T22:00:00","guid":{"rendered":"http:\/\/www.bio-based.eu\/news\/index.php?startid=20070619-11n"},"modified":"2007-06-19T00:00:00","modified_gmt":"2007-06-18T22:00:00","slug":"indonesion-erhoeht-exportsteuer-fuer-palmoel","status":"publish","type":"post","link":"https:\/\/renewable-carbon.eu\/news\/indonesion-erhoeht-exportsteuer-fuer-palmoel\/","title":{"rendered":"Indonesion erh\u00f6ht Exportsteuer f\u00fcr Palm\u00f6l"},"content":{"rendered":"<p>In Indonesien sind die Preise f\u00fcr Speise\u00f6l auf dem heimischen Markt seit Beginn des Jahres 2007 um mehr als 30 Prozent gestiegen. Ursache ist die weltweit hohe Palm\u00f6lnachfrage. Als Reaktion auf diese Entwicklung besteuert die Indonesische Regierung den Export von Palm\u00f6l seit dieser Woche mit 6,5 statt bisher 1,5 Prozent.<\/p>\n<p>Im Wirtschaftsjahr 2006\/07 wurden in Indonesien 17,4 Mio. t Palm\u00f6l erzeugt, das sind rund 45 Prozunt des Weltmarkts. 13,2 Mio. t davon wurden exportiert.<\/p>\n<p>(Vgl. Meldungen vom <a href=\"https:\/\/renewable-carbon.eu\/news\/pflanzenoele-nachfrage-treibt-die-preise\/\" >2007-06-04<\/a>, <a href=\"https:\/\/renewable-carbon.eu\/news\/indonesien-weitet-palmoelplantagen-aus\/\" >2006-12-13<\/a>, <a href=\"https:\/\/renewable-carbon.eu\/news\/indonesien-72-prozent-des-regenwaldes-abgeholzt\/\" >2007-05-06<\/a>.)<\/p>\n","protected":false},"excerpt":{"rendered":"<p>In Indonesien sind die Preise f&uuml;r Speise&ouml;l auf dem heimischen Markt seit Beginn des Jahres 2007 um mehr als 30 Prozent gestiegen. Ursache ist die<\/p>\n","protected":false},"author":3,"featured_media":0,"comment_status":"closed","ping_status":"closed","sticky":false,"template":"","format":"standard","meta":{"_seopress_robots_primary_cat":"","nova_meta_subtitle":"","footnotes":""},"categories":[5572],"tags":[],"supplier":[],"class_list":["post-10169","post","type-post","status-publish","format-standard","hentry","category-bio-based"],"_links":{"self":[{"href":"https:\/\/renewable-carbon.eu\/news\/wp-json\/wp\/v2\/posts\/10169","targetHints":{"allow":["GET"]}}],"collection":[{"href":"https:\/\/renewable-carbon.eu\/news\/wp-json\/wp\/v2\/posts"}],"about":[{"href":"https:\/\/renewable-carbon.eu\/news\/wp-json\/wp\/v2\/types\/post"}],"author":[{"embeddable":true,"href":"https:\/\/renewable-carbon.eu\/news\/wp-json\/wp\/v2\/users\/3"}],"replies":[{"embeddable":true,"href":"https:\/\/renewable-carbon.eu\/news\/wp-json\/wp\/v2\/comments?post=10169"}],"version-history":[{"count":0,"href":"https:\/\/renewable-carbon.eu\/news\/wp-json\/wp\/v2\/posts\/10169\/revisions"}],"wp:attachment":[{"href":"https:\/\/renewable-carbon.eu\/news\/wp-json\/wp\/v2\/media?parent=10169"}],"wp:term":[{"taxonomy":"category","embeddable":true,"href":"https:\/\/renewable-carbon.eu\/news\/wp-json\/wp\/v2\/categories?post=10169"},{"taxonomy":"post_tag","embeddable":true,"href":"https:\/\/renewable-carbon.eu\/news\/wp-json\/wp\/v2\/tags?post=10169"},{"taxonomy":"supplier","embeddable":true,"href":"https:\/\/renewable-carbon.eu\/news\/wp-json\/wp\/v2\/supplier?post=10169"}],"curies":[{"name":"wp","href":"https:\/\/api.w.org\/{rel}","templated":true}]}}