{"id":10148,"date":"2007-06-26T00:00:00","date_gmt":"2007-06-25T22:00:00","guid":{"rendered":"http:\/\/www.bio-based.eu\/news\/index.php?startid=20070626-05n"},"modified":"2007-06-26T00:00:00","modified_gmt":"2007-06-25T22:00:00","slug":"flachsernte-2007-in-grosser-gefahr","status":"publish","type":"post","link":"https:\/\/renewable-carbon.eu\/news\/flachsernte-2007-in-grosser-gefahr\/","title":{"rendered":"Flachsernte 2007 in gro\u00dfer Gefahr"},"content":{"rendered":"<p><b>Egon Heger, <a href=\"http:\/\/www.flachs.de\/\" >Flachsberatung E.Heger &#038; Partner<\/a>, informiert \u00fcber die diesj\u00e4hrige Flachsernte: Die Saison 2007 fing schon schlecht genug an: fehlenden Frostgare des Bodens, sp\u00e4te Aussaat und die darauf folgende lange Trockenperiode machten eine \u00fcberdurchschnittliche Ernte fast von Beginn an unm\u00f6glich. Zwar bewirkte die w\u00fcchsige Witterung im Mai auch das Auflaufen der zun\u00e4chst nicht gekeimten Samen, jedoch war der Vorsprung der zuerst aufgelaufenen Welle uneinholbar. So zeigten viele inhomogene Best\u00e4nde, bei denen die ersten Pflanzen bl\u00fchten und die letzten Pflanzen gerade mit dem Streckungswachstum begannen.<\/b><\/p>\n<p><img SRC=\"https:\/\/renewable-carbon.eu\/news\/wp-content\/uploads\/news-images\/20070626-05\/langesireversiblesLagerGL.jpg\" align=\"left\" style=\"margin-right:10px;\" BORDER=\"0\" ALT=\"langesireversiblesLagerGL.jpg\"\/>F\u00fcr eben jenes Streckungswachstum war aufgrund der  durch die Trockenheit im April bewirkten Wachstumsverz\u00f6gerung sehr wenig Zeit: innerhalb weniger Tage legten die Pflanzen 40 cm an H\u00f6he zu. Dieser Schub ging mit einem nur ungen\u00fcgend ausgebildeten Festigungsgewebe einher, so dass die teilweise heftigen Regenf\u00e4lle der letzten beiden  Wochen, die zudem noch mit starken B\u00f6en vergesellschaftet waren, zu schweren Lagererscheinungen in allen westeurop\u00e4ischen Anbaugebieten f\u00fchrten.<\/p>\n<p>Der fr\u00fche Zeitpunkt des Lagerns, dessen gro\u00dffl\u00e4chiger Umfang und das f\u00fcr ein Wiederaufrichten ung\u00fcnstige Wetter (wenig Sonne, weitere Niederschl\u00e4ge, hohe N-Freisetzung der B\u00f6den) lassen nicht erwarten, dass dieses Ph\u00e4nomen weit gehend reversibel ist.<\/p>\n<p>Vielmehr werden vermehrt pilzliche Erkrankungen der St\u00e4ngel registiert, die nicht nur einem Wiederaufrichten entgegenstehen, sondern die sp\u00e4teren  Raufarbeiten stark behindern werden. <br \/>Insoweit werden &#8211; wenn \u00fcberhaupt &#8211; viele Fl\u00e4chen nur mit eingeschr\u00e4nkter Parallellage der St\u00e4ngel im Schwad gerauft werden k\u00f6nnen.  Selbst wenn hinsichtlich Strohertrag noch eine mittlere Ernte eingefahren werden sollte, kann schon heute festgestellt werden, dass sowohl der Fasergehalt vergleichsweise niedrig sein wird als auch die Langfaserausbeute zugunsten des Werganteils vermindert sein wird.<br style=\"clear:left;\"\/><br \/>(Vgl. Meldungen vom <a href=\"https:\/\/renewable-carbon.eu\/news\/naturfaser-preisindex-n-fibre-pricebase\/\" >2007-05-10<\/a>, <a href=\"https:\/\/renewable-carbon.eu\/news\/flachs-der-langfasermarkt-bewegt-sich\/\" >2006-12-05<\/a> und <a href=\"https:\/\/renewable-carbon.eu\/news\/flachsernte-teilweise-nicht-mehr-zu-retten\/\" >2006-09-06<\/a>.)<\/p>\n","protected":false},"excerpt":{"rendered":"<p><b>Egon Heger, Flachsberatung E.Heger &amp; Partner, informiert &uuml;ber die diesj&auml;hrige Flachsernte: Die Saison 2007 fing schon schlecht genug an: fehlenden Frostgare des Bodens, sp&auml;te Aussaat<\/b><\/p>\n","protected":false},"author":3,"featured_media":0,"comment_status":"closed","ping_status":"closed","sticky":false,"template":"","format":"standard","meta":{"_seopress_robots_primary_cat":"","nova_meta_subtitle":"","footnotes":""},"categories":[5572],"tags":[],"supplier":[],"class_list":["post-10148","post","type-post","status-publish","format-standard","hentry","category-bio-based"],"_links":{"self":[{"href":"https:\/\/renewable-carbon.eu\/news\/wp-json\/wp\/v2\/posts\/10148","targetHints":{"allow":["GET"]}}],"collection":[{"href":"https:\/\/renewable-carbon.eu\/news\/wp-json\/wp\/v2\/posts"}],"about":[{"href":"https:\/\/renewable-carbon.eu\/news\/wp-json\/wp\/v2\/types\/post"}],"author":[{"embeddable":true,"href":"https:\/\/renewable-carbon.eu\/news\/wp-json\/wp\/v2\/users\/3"}],"replies":[{"embeddable":true,"href":"https:\/\/renewable-carbon.eu\/news\/wp-json\/wp\/v2\/comments?post=10148"}],"version-history":[{"count":0,"href":"https:\/\/renewable-carbon.eu\/news\/wp-json\/wp\/v2\/posts\/10148\/revisions"}],"wp:attachment":[{"href":"https:\/\/renewable-carbon.eu\/news\/wp-json\/wp\/v2\/media?parent=10148"}],"wp:term":[{"taxonomy":"category","embeddable":true,"href":"https:\/\/renewable-carbon.eu\/news\/wp-json\/wp\/v2\/categories?post=10148"},{"taxonomy":"post_tag","embeddable":true,"href":"https:\/\/renewable-carbon.eu\/news\/wp-json\/wp\/v2\/tags?post=10148"},{"taxonomy":"supplier","embeddable":true,"href":"https:\/\/renewable-carbon.eu\/news\/wp-json\/wp\/v2\/supplier?post=10148"}],"curies":[{"name":"wp","href":"https:\/\/api.w.org\/{rel}","templated":true}]}}