{"id":10145,"date":"2007-06-26T00:00:00","date_gmt":"2007-06-25T22:00:00","guid":{"rendered":"http:\/\/www.bio-based.eu\/news\/index.php?startid=20070626-08n"},"modified":"2007-06-26T00:00:00","modified_gmt":"2007-06-25T22:00:00","slug":"nova-buchbesprechung-holzmerkmale","status":"publish","type":"post","link":"https:\/\/renewable-carbon.eu\/news\/nova-buchbesprechung-holzmerkmale\/","title":{"rendered":"nova-Buchbesprechung: Holzmerkmale"},"content":{"rendered":"<p><b>In den Jahren 2002 &#8211; 2006 erschien im <a href=\"http:\/\/www.holz-zentralblatt.de\/\" >Holz-Zentralblatt<\/a> die Artikelserie &#8220;Holzmerkmale&#8221; von Dr. Christoph Richter, wissenschaftlicher Mitarbeiter am <a href=\"http:\/\/www.forst.tu-dresden.de\/\" >Lehrstuhl f\u00fcr Forstnutzung<\/a> an der <a href=\"http:\/\/www.tu-dresden.de\/\" >TU Dresden<\/a> in loser Folge. Auf vielfachen Wunsch der Leser wurden die einzelnen Beitr\u00e4ge nun als Buch zusammengefasst und stellen ein handliches und unverzichtbares Nachschlagewerk f\u00fcr Forstleute, Botaniker, Dendrologen und Holzverarbeiter dar.<\/b><\/p>\n<p>Die Holzmerkmale \u2013 fr\u00fcher sagte man Holzfehler &#8211; sind entsprechend ihrer grunds\u00e4tzlich m\u00f6glichen Enstehungsursachen in drei Gruppen gegliedert:<\/p>\n<ul>\n<li>Holzmerkmale, die im nat\u00fcrlichen Wachstum eines Baumes begr\u00fcndet sind,<\/li>\n<li>biotisch und <\/li>\n<li>abiotisch verursachte Holzmerkmale.<\/li>\n<\/ul>\n<p>Die Einzelmerkmale werden ihrer Bedeutung nach mehr oder weniger ausf\u00fchrlich beschrieben und M\u00f6glichkeiten ihrer Vermeidung aufgezeigt. Die Auswirkungen der Merkmale auf das hergestellte Holzprodukt werden dargestellt sowie m\u00f6gliche Anpassungen in der technologischen Fertigung genannt.<\/p>\n<p><img SRC=\"https:\/\/renewable-carbon.eu\/news\/wp-content\/uploads\/news-images\/20070626-08\/12447164z.jpg\" align=\"left\" style=\"margin-right:10px;\" BORDER=\"0\" ALT=\"12447164z.jpg\"\/>Der Anhang enth\u00e4lt in mehreren Tabellen die Auswirkungen von Holzmerkmalen auf die G\u00fcte- bzw. Qualit\u00e4tssortierung von Rundholz nach HKS (G\u00fctesortierung) und <a href=\"http:\/\/www.cen.eu\/\" >CEN<\/a> (Qualit\u00e4tssortierung) und bietet somit eine wichtige Orientierungshilfte zur Einsch\u00e4tzung von Holzqualit\u00e4t und demzufolge auch des Holzpreises.<\/p>\n<p><i>Holzmerkmale<\/i> ist ein ansprechendes Buch im ungewohnten A4-Quer-Format \u2013 zu einem attraktiven Preis. Zahlreiche anschauliche Zeichnungen vom lebenden Baum bis hin zum Schnittholz bereiten &#8220;Lust auf Schm\u00f6kern&#8221; und schnell wird klar, warum der Autor nicht von Holz-Fehlern spricht, sondern von Holz-Merkmalen: Es liegt im Auge des Betrachters, beziehungsweise am Geschick des Verarbeiters, diese Holz mit den besonderen Merkmalen individuell einzusetzen.<\/p>\n<p>Bestenfalls erzielt man durch geschickte Auswahl einen \u00e4sthetischen, technischen und\/ oder monet\u00e4ren Mehrwert, der zun\u00e4chst vielleicht gar nicht zu erwarten war; beispielhaft seien hier das Aufmessern von Nussbaum-Maserknollen zu edlem Furnier oder die Herstellung von hochwertigen Schiffsspannten aus krummschaftigen St\u00e4mmen genannt.<br style=\"clear:left;\"\/><br \/><b>Produktdetails<\/b><br \/>82 Seiten, 210 Zeichnungen, 9 Tabellen<br \/>kartoniert<br \/>ISBN: 978-3-87181-061-9<br \/>Verlag: DRW Verlag Weinbrenner GmbH &#038; Co. KG Leinfelden-Echterdingen<br \/>Erscheinungsmonat: Mai 2007<br \/>Preis: 12,90 EUR<\/p>\n","protected":false},"excerpt":{"rendered":"<p><b>In den Jahren 2002 &#8211; 2006 erschien im Holz-Zentralblatt die Artikelserie &#8220;Holzmerkmale&#8221; von Dr. Christoph Richter, wissenschaftlicher Mitarbeiter am Lehrstuhl f&uuml;r Forstnutzung an der TU<\/b><\/p>\n","protected":false},"author":3,"featured_media":0,"comment_status":"closed","ping_status":"closed","sticky":false,"template":"","format":"standard","meta":{"_seopress_robots_primary_cat":"","nova_meta_subtitle":"","footnotes":""},"categories":[5572],"tags":[],"supplier":[],"class_list":["post-10145","post","type-post","status-publish","format-standard","hentry","category-bio-based"],"_links":{"self":[{"href":"https:\/\/renewable-carbon.eu\/news\/wp-json\/wp\/v2\/posts\/10145","targetHints":{"allow":["GET"]}}],"collection":[{"href":"https:\/\/renewable-carbon.eu\/news\/wp-json\/wp\/v2\/posts"}],"about":[{"href":"https:\/\/renewable-carbon.eu\/news\/wp-json\/wp\/v2\/types\/post"}],"author":[{"embeddable":true,"href":"https:\/\/renewable-carbon.eu\/news\/wp-json\/wp\/v2\/users\/3"}],"replies":[{"embeddable":true,"href":"https:\/\/renewable-carbon.eu\/news\/wp-json\/wp\/v2\/comments?post=10145"}],"version-history":[{"count":0,"href":"https:\/\/renewable-carbon.eu\/news\/wp-json\/wp\/v2\/posts\/10145\/revisions"}],"wp:attachment":[{"href":"https:\/\/renewable-carbon.eu\/news\/wp-json\/wp\/v2\/media?parent=10145"}],"wp:term":[{"taxonomy":"category","embeddable":true,"href":"https:\/\/renewable-carbon.eu\/news\/wp-json\/wp\/v2\/categories?post=10145"},{"taxonomy":"post_tag","embeddable":true,"href":"https:\/\/renewable-carbon.eu\/news\/wp-json\/wp\/v2\/tags?post=10145"},{"taxonomy":"supplier","embeddable":true,"href":"https:\/\/renewable-carbon.eu\/news\/wp-json\/wp\/v2\/supplier?post=10145"}],"curies":[{"name":"wp","href":"https:\/\/api.w.org\/{rel}","templated":true}]}}