{"id":10142,"date":"2007-06-27T00:00:00","date_gmt":"2007-06-26T22:00:00","guid":{"rendered":"http:\/\/www.bio-based.eu\/news\/index.php?startid=20070627-03n"},"modified":"2007-06-27T00:00:00","modified_gmt":"2007-06-26T22:00:00","slug":"deutsche-wollen-zertifiziertes-holz","status":"publish","type":"post","link":"https:\/\/renewable-carbon.eu\/news\/deutsche-wollen-zertifiziertes-holz\/","title":{"rendered":"Deutsche wollen zertifiziertes Holz"},"content":{"rendered":"<p><b>Mit der Klimaschutzdiskussion steigt auch die Bereitschaft, auf die Herkunft von Holzprodukten zu achten. Das ergab jetzt eine repr\u00e4sentative Meinungsumfrage des Emnid- Institutes. Auftraggeber der Studie war der <a href=\"http:\/\/www.pefc.de\/\" >PEFC Deutschland e.V.<\/a>, die deutsche Vereinigung der weltweiten PEFC-Zertifizierungsorganisation f\u00fcr die Waldwirtschaft.<\/b> <\/p>\n<p>93 Prozent der 1000 Befragten w\u00fcnschen sich, dass Handel, Handwerk und Industrie Holz und Holzprodukte aus nachhaltiger Bewirtschaftung anbieten. Vor die Entscheidung gestellt, w\u00fcrden bei gleichem Preis, 92 Prozent der Verbraucher zertifizierte Holzprodukte aus garantiert schonender Waldwirtschaft vorziehen. Besonders engagiert zeigen sich in dieser Frage die Inhaber von Wohneigentum. Von den Haus- und Wohnungsbesitzern w\u00fcrden 95 von 100 bei Preisgleichheit Produkte aus zertifizierten Herk\u00fcnften w\u00e4hlen. <\/p>\n<p>Selbst h\u00f6here Preise w\u00fcrden noch mehr als 70 Prozent der Deutschen in Kauf nehmen, um so ihren Beitrag zu Umwelt- und Klimaschutz zu leisten. Mit dem Alter w\u00e4chst dabei offensichtlich das Verantwortungsbewusstsein. Die \u00fcber 40- j\u00e4hrigen sind schon zu 78 Prozent bereit, sich den Erhalt der W\u00e4lder etwas kosten zu lassen. Die Generation 60plus sogar mit 80 Prozent. Mieter, die den Erwerb von Wohneigentum erst noch planen, zeigen sich mit 82 Prozent am engagiertesten, mehr Geld f\u00fcr Holz aus nachhaltig bewirtschafteten W\u00e4ldern ausgeben.<\/p>\n<p><img SRC=\"https:\/\/renewable-carbon.eu\/news\/wp-content\/uploads\/news-images\/20070627-03\/0706-PEFC_Meinungsumfrage.jpg\" align=\"left\" style=\"margin-right:10px;\" BORDER=\"0\" ALT=\"0706-PEFC_Meinungsumfrage.jpg\"\/><br style=\"clear:left;\"\/><br \/>Nach Ansicht von Frank von R\u00f6mer, dem Vorsitzenden von PEFC Deutschland e.V., zeigen die Umfrageergebnisse, dass sich der \u00d6ko-Boom im Bereich Lebensmittel jetzt auch auf den Wald ausweitet. &#8220;Der pflegliche Umgang mit der Natur wird weiter an Bedeutung gewinnen&#8221;, ist von R\u00f6mer \u00fcberzeugt. Die deutschen Waldbauern jedenfalls seien auf diesen Trend gut vorbereitet. In Deutschland werden rund zwei Drittel der Waldfl\u00e4che nach den internationalen Qualit\u00e4tskriterien des PEFC bewirtschaftet.<\/p>\n<p>(Vgl. Meldungen vom <a href=\"https:\/\/renewable-carbon.eu\/news\/bund-ausschliesslich-holz-aus-nachhaltiger-waldwirtschaft\/\" >2007-02-08<\/a>, <a href=\"https:\/\/renewable-carbon.eu\/news\/umweltverbaende-kritisieren-holzbeschaffungsrichtlinie-der-bundesregierung\/\" >2007-04-02<\/a> und <a href=\"https:\/\/renewable-carbon.eu\/news\/aktuelle-zahlen-zur-entwicklung-des-fsc-in-deutschland-und-weltweit-2\/\" >2007-03-10<\/a>.)<\/p>\n","protected":false},"excerpt":{"rendered":"<p><b>Mit der Klimaschutzdiskussion steigt auch die Bereitschaft, auf die Herkunft von Holzprodukten zu achten. Das ergab jetzt eine repr&auml;sentative Meinungsumfrage des Emnid- Institutes. Auftraggeber der<\/b><\/p>\n","protected":false},"author":3,"featured_media":0,"comment_status":"closed","ping_status":"closed","sticky":false,"template":"","format":"standard","meta":{"_seopress_robots_primary_cat":"","nova_meta_subtitle":"","footnotes":""},"categories":[5572],"tags":[],"supplier":[],"class_list":["post-10142","post","type-post","status-publish","format-standard","hentry","category-bio-based"],"_links":{"self":[{"href":"https:\/\/renewable-carbon.eu\/news\/wp-json\/wp\/v2\/posts\/10142","targetHints":{"allow":["GET"]}}],"collection":[{"href":"https:\/\/renewable-carbon.eu\/news\/wp-json\/wp\/v2\/posts"}],"about":[{"href":"https:\/\/renewable-carbon.eu\/news\/wp-json\/wp\/v2\/types\/post"}],"author":[{"embeddable":true,"href":"https:\/\/renewable-carbon.eu\/news\/wp-json\/wp\/v2\/users\/3"}],"replies":[{"embeddable":true,"href":"https:\/\/renewable-carbon.eu\/news\/wp-json\/wp\/v2\/comments?post=10142"}],"version-history":[{"count":0,"href":"https:\/\/renewable-carbon.eu\/news\/wp-json\/wp\/v2\/posts\/10142\/revisions"}],"wp:attachment":[{"href":"https:\/\/renewable-carbon.eu\/news\/wp-json\/wp\/v2\/media?parent=10142"}],"wp:term":[{"taxonomy":"category","embeddable":true,"href":"https:\/\/renewable-carbon.eu\/news\/wp-json\/wp\/v2\/categories?post=10142"},{"taxonomy":"post_tag","embeddable":true,"href":"https:\/\/renewable-carbon.eu\/news\/wp-json\/wp\/v2\/tags?post=10142"},{"taxonomy":"supplier","embeddable":true,"href":"https:\/\/renewable-carbon.eu\/news\/wp-json\/wp\/v2\/supplier?post=10142"}],"curies":[{"name":"wp","href":"https:\/\/api.w.org\/{rel}","templated":true}]}}