{"id":10123,"date":"2007-07-03T00:00:00","date_gmt":"2007-07-02T22:00:00","guid":{"rendered":"http:\/\/www.bio-based.eu\/news\/index.php?startid=20070703-06n"},"modified":"2007-07-03T00:00:00","modified_gmt":"2007-07-02T22:00:00","slug":"volkswirtschaftliche-aspekte-des-bioenergiebooms","status":"publish","type":"post","link":"https:\/\/renewable-carbon.eu\/news\/volkswirtschaftliche-aspekte-des-bioenergiebooms\/","title":{"rendered":"Volkswirtschaftliche Aspekte des Bioenergiebooms"},"content":{"rendered":"<p><b>&#8220;Der derzeitige Boom der Bioenergie in Deutschland und Hessen wirft eine Vielzahl von Chancen aber auch Fragen auf. Ziel unseres Bioenergiekongresses ist es daher zu diskutieren, wo die Potenziale und Grenzen der Bioenergie liegen, welche volkswirtschaftlichen Aspekte bei der Nutzung beachtet und welche neuen Wege beschritten werden m\u00fcssen, um Klimaschutz, Versorgungssicherheit und die St\u00e4rkung der regionalen Wirtschaft noch effizienter und vor allem nachhaltiger zu gestalten, erkl\u00e4rte heute der Hessische Umweltminister Wilhelm Dietzel anl\u00e4sslich der Er\u00f6ffnung des Kongresses &#8220;Bioenergie und Gr\u00fcne Rohstoffe \u2013 Volkswirtschaftliche Aspekte der Biomassenutzung&#8221; in Frankfurt am Main.<\/b><\/p>\n<p>Initiiert wurde dieser Kongress von der <a href=\"http:\/\/www.hessen.de\/\" >Hessischen Landesregierung<\/a> mit dem Ziel, den von der Bioenergienutzung unmittelbar und mittelbar betroffenen Unternehmen der Holz- und Agrarwirtschaft Gelegenheit zu geben, ihre Meinungen zu den Auswirkungen des aktuellen Booms in der Bioenergienutzung und ihre Vorstellungen zu den Perspektiven der F\u00f6rderung durch Bund und Land Hessen vorzutragen.<\/p>\n<p>Etwa 160 geladene Teilnehmer, vor allem Vertreter und Vertreterinnen von Unternehmen, haben auf dem Kongress die M\u00f6glichkeit, Vortr\u00e4ge und Statements von hochrangigen Rednern aus Wissenschaft und Wirtschaft \u00fcber die volkswirtschaftlichen Aspekte der Bioenergienutzung zu h\u00f6ren. Im Anschluss an die Vortr\u00e4ge finden insgesamt vier Diskussionsforen zu den Themen &#8220;Nutzungskonkurrenzen in der Holzwirtschaft&#8221;, &#8220;Nutzungskonkurrenzen in der Landwirtschaft&#8221;, &#8220;Zukunft der F\u00f6rderinstrumente&#8221; oder &#8220;Volkswirtschaftliche Impulse der verst\u00e4rkten Bioenergienutzung&#8221; statt.<\/p>\n<p>Nach dem Einf\u00fchrungsvortrag durch Minister Wilhelm Dietzel erl\u00e4utert der parlamentarische Staatssekret\u00e4r im Bundeslandwirtschaftsministerium (<a href=\"http:\/\/www.bmelv.de\/\" >BMELV<\/a>), Dr. Peter Paziorek, die Vorstellung seines Hauses zum weiteren Ausbau der Biomassenutzung.<\/p>\n<p>Ein thematischer Schwerpunkt des Kongresses liegt auf den Bioenergiepotenzialen und der Nutzung biogener Ressourcen in Europa, Deutschland und Hessen. &#8220;Die von der Europ\u00e4ischen Union f\u00fcr die kommenden Jahre bis 2020 gesetzten Energieziele werden den Einsatz von Biomasse zur Erzeugung von Strom, W\u00e4rme und Kraftstoffen weiter forcieren. Dies ist eine Entwicklung, die von der Hessischen Landesregierung begr\u00fc\u00dft wird&#8221;, erl\u00e4uterte der Minister.<\/p>\n<p>Die energetische Nutzung von Biomasse wird in Deutschland auch durch gesetzliche Rahmenbedingungen des Bundes wie beispielsweise durch das Erneuerbare Energien Gesetz (EEG) gef\u00f6rdert. Erg\u00e4nzend gibt es viele F\u00f6rderprogramme des Bundes und der L\u00e4nder f\u00fcr investive Ma\u00dfnahmen und f\u00fcr die Forschung und Entwicklung. &#8220;Das Ergebnis dieser Ma\u00dfnahmen ist ein Boom in der Bioenergienutzung \u2013 man kann ohne \u00dcbertreibung von einer wirtschaftlichen und klimapolitischen Erfolgsgeschichte der vergangenen Jahre sprechen. Im Zeitraum von 1999 bis 2006 wurden insgesamt 53 Biogasanlagen und 92 gro\u00dfe Holzhackschnitzelfeuerungsanlagen sowie 101 Holzpelletanlagen gef\u00f6rdert. Zusammen haben diese eine elektrische Leistung von 57.000kW&#8221;, so der Minister.<\/p>\n<p>Den Auswirkungen der Bioenergienutzung auf die technische Innovation, Ums\u00e4tze und Arbeitspl\u00e4tze, z.B. den Anlagenbau in Hessen, und den Fragen der Nachhaltigkeit vor allem bei der Rohstoffproduktion im Ausland ist auf den Kongress ein eigenes Forum gewidmet.<\/p>\n<p>Die Ergebnisse des Bioenergiekongresses werden von dem Staatssekret\u00e4r des <a href=\"http:\/\/www.hmulv.hessen.de\/\" >Hessischen Umweltministeriums<\/a>, Karl-Winfried Seif, abschlie\u00dfend zusammengefasst und hinsichtlich der Auswirkungen auf die hessische Landespolitik bewertet.<\/p>\n<p>&#8220;Ich m\u00f6chte mit dieser Veranstaltung den betroffenen Branchen in ihrer ganzen Breite Gelegenheit geben ihren Standpunkt vorzutragen. Ich w\u00fcnsche mir einen ergebnisoffenen Diskurs und fordere sie auf, die Gelegenheit zu nutzen, um mit den Referenten aus allen Branchen zu sprechen&#8221;, betonte der Minister abschlie\u00dfend. <\/p>\n<p>(Vgl. Meldungen vom <a href=\"https:\/\/renewable-carbon.eu\/news\/hessen-forst-und-holzbranche-im-strukturwandel\/\" >2007-06-12<\/a>, <a href=\"https:\/\/renewable-carbon.eu\/news\/biokraftstoffstudie-fuer-nordhessen-veroeffentlicht\/\" >2007-04-24<\/a> und <a href=\"https:\/\/renewable-carbon.eu\/news\/kompetenzatlas-biomasse-hessen-vorgestellt\/\" >2007-06-26<\/a>.)<\/p>\n","protected":false},"excerpt":{"rendered":"<p><b>&#8220;Der derzeitige Boom der Bioenergie in Deutschland und Hessen wirft eine Vielzahl von Chancen aber auch Fragen auf. Ziel unseres Bioenergiekongresses ist es daher zu<\/b><\/p>\n","protected":false},"author":3,"featured_media":0,"comment_status":"closed","ping_status":"closed","sticky":false,"template":"","format":"standard","meta":{"_seopress_robots_primary_cat":"","nova_meta_subtitle":"","footnotes":""},"categories":[5572],"tags":[],"supplier":[],"class_list":["post-10123","post","type-post","status-publish","format-standard","hentry","category-bio-based"],"_links":{"self":[{"href":"https:\/\/renewable-carbon.eu\/news\/wp-json\/wp\/v2\/posts\/10123","targetHints":{"allow":["GET"]}}],"collection":[{"href":"https:\/\/renewable-carbon.eu\/news\/wp-json\/wp\/v2\/posts"}],"about":[{"href":"https:\/\/renewable-carbon.eu\/news\/wp-json\/wp\/v2\/types\/post"}],"author":[{"embeddable":true,"href":"https:\/\/renewable-carbon.eu\/news\/wp-json\/wp\/v2\/users\/3"}],"replies":[{"embeddable":true,"href":"https:\/\/renewable-carbon.eu\/news\/wp-json\/wp\/v2\/comments?post=10123"}],"version-history":[{"count":0,"href":"https:\/\/renewable-carbon.eu\/news\/wp-json\/wp\/v2\/posts\/10123\/revisions"}],"wp:attachment":[{"href":"https:\/\/renewable-carbon.eu\/news\/wp-json\/wp\/v2\/media?parent=10123"}],"wp:term":[{"taxonomy":"category","embeddable":true,"href":"https:\/\/renewable-carbon.eu\/news\/wp-json\/wp\/v2\/categories?post=10123"},{"taxonomy":"post_tag","embeddable":true,"href":"https:\/\/renewable-carbon.eu\/news\/wp-json\/wp\/v2\/tags?post=10123"},{"taxonomy":"supplier","embeddable":true,"href":"https:\/\/renewable-carbon.eu\/news\/wp-json\/wp\/v2\/supplier?post=10123"}],"curies":[{"name":"wp","href":"https:\/\/api.w.org\/{rel}","templated":true}]}}