{"id":10103,"date":"2007-05-02T00:00:00","date_gmt":"2007-05-01T22:00:00","guid":{"rendered":"http:\/\/www.bio-based.eu\/news\/index.php?startid=20070502-04n"},"modified":"2018-02-16T14:03:45","modified_gmt":"2018-02-16T13:03:45","slug":"oekoeffizientes-lackkonzept-fuer-bioconcept-cars","status":"publish","type":"post","link":"https:\/\/renewable-carbon.eu\/news\/oekoeffizientes-lackkonzept-fuer-bioconcept-cars\/","title":{"rendered":"\u00d6koeffizientes Lackkonzept f\u00fcr BioConcept-Cars"},"content":{"rendered":"<p><b>Auf der <a href=\"http:\/\/www.hannovermesse.de\/\">Hannover Messe Industrie<\/a> (16. bis 20. April 2007) pr\u00e4sentierten die Lackmarke R-M der <a href=\"http:\/\/www.basf-coatings.de\/\">BASF Coatings<\/a> das &#8220;BioConcept-Car&#8221;-Projekt &#8211; die erste Generation mit einem <a href=\"http:\/\/www.volkswagen.de\/\">Volkswagen<\/a> Beetle sowie lackierte Teile der zweiten Generation, einem <a href=\"http:\/\/www.ford.de\/\">Ford<\/a> Mustang. T\u00fcren, Kotfl\u00fcgel und Sto\u00dfstange sowie Motorhaube und Heck des BioConcept-Cars sind aus Biofasern hergestellt und in fl\u00fcssigem Biokunststoff getr\u00e4nkt. So musste f\u00fcr die spezielle Beschichtung der Bioverbundwerkstoffe die Ausmischung des Lackes angepasst werden.<\/b><\/p>\n<p><img decoding=\"async\" style=\"margin-right: 10px;\" src=\"https:\/\/renewable-carbon.eu\/news\/wp-content\/uploads\/news-images\/20070502-04\/2007-04-16_1.jpg\" alt=\"2007-04-16_1.jpg\" align=\"left\" border=\"0\" \/>R-M nutzte f\u00fcr den Farbauftrag einen Wasserbasislack der Onyx-HD-Reihe, der nach Angaben des Lackspezialisten den gesetzlichen Umweltvorgaben entspricht, da er 80 Prozent weniger L\u00f6semittel und etwa 90 Prozent weniger Abfallstoffe als konventionelle Lacksysteme aufweise. Auch beim Klarlack griffen die Entwickler auf l\u00f6sungsmittelreduzierte Produkte zur\u00fcck und versiegelten die Farblackschicht mit dem VOC-konformen Starlux-CP (VOC: Volatile Organic Compound, fl\u00fcchtige organische Verbindungen).<br style=\"clear: left;\" \/><br \/>\n(Vgl. Meldungen vom <a href=\"https:\/\/renewable-carbon.eu\/news\/bioconcept-car-nachwachsende-rohstoffe-im-rennsport\/\">2007-01-03<\/a> und <a href=\"https:\/\/renewable-carbon.eu\/news\/basf-cellulosefasern-effizienter-und-umweltvertraeglicher-herstellen\/\">2006-08-30<\/a>.)<\/p>\n","protected":false},"excerpt":{"rendered":"<p><b>Auf der Hannover Messe Industrie (16. bis 20. April 2007) pr&auml;sentierten die Lackmarke R-M der BASF Coatings das &#8220;BioConcept-Car&#8221;-Projekt &#8211; die erste Generation mit einem<\/b><\/p>\n","protected":false},"author":3,"featured_media":0,"comment_status":"closed","ping_status":"closed","sticky":false,"template":"","format":"standard","meta":{"_seopress_robots_primary_cat":"","nova_meta_subtitle":"","footnotes":""},"categories":[5572],"tags":[],"supplier":[],"class_list":["post-10103","post","type-post","status-publish","format-standard","hentry","category-bio-based"],"_links":{"self":[{"href":"https:\/\/renewable-carbon.eu\/news\/wp-json\/wp\/v2\/posts\/10103","targetHints":{"allow":["GET"]}}],"collection":[{"href":"https:\/\/renewable-carbon.eu\/news\/wp-json\/wp\/v2\/posts"}],"about":[{"href":"https:\/\/renewable-carbon.eu\/news\/wp-json\/wp\/v2\/types\/post"}],"author":[{"embeddable":true,"href":"https:\/\/renewable-carbon.eu\/news\/wp-json\/wp\/v2\/users\/3"}],"replies":[{"embeddable":true,"href":"https:\/\/renewable-carbon.eu\/news\/wp-json\/wp\/v2\/comments?post=10103"}],"version-history":[{"count":0,"href":"https:\/\/renewable-carbon.eu\/news\/wp-json\/wp\/v2\/posts\/10103\/revisions"}],"wp:attachment":[{"href":"https:\/\/renewable-carbon.eu\/news\/wp-json\/wp\/v2\/media?parent=10103"}],"wp:term":[{"taxonomy":"category","embeddable":true,"href":"https:\/\/renewable-carbon.eu\/news\/wp-json\/wp\/v2\/categories?post=10103"},{"taxonomy":"post_tag","embeddable":true,"href":"https:\/\/renewable-carbon.eu\/news\/wp-json\/wp\/v2\/tags?post=10103"},{"taxonomy":"supplier","embeddable":true,"href":"https:\/\/renewable-carbon.eu\/news\/wp-json\/wp\/v2\/supplier?post=10103"}],"curies":[{"name":"wp","href":"https:\/\/api.w.org\/{rel}","templated":true}]}}