{"id":10093,"date":"2007-05-04T00:00:00","date_gmt":"2007-05-03T22:00:00","guid":{"rendered":"http:\/\/www.bio-based.eu\/news\/index.php?startid=20070504-01n"},"modified":"2007-05-04T00:00:00","modified_gmt":"2007-05-03T22:00:00","slug":"vereinte-nationen-einigen-sich-auf-uebereinkommen-zur-nachhaltigen-waldbewirtschaftung","status":"publish","type":"post","link":"https:\/\/renewable-carbon.eu\/news\/vereinte-nationen-einigen-sich-auf-uebereinkommen-zur-nachhaltigen-waldbewirtschaftung\/","title":{"rendered":"Vereinte Nationen einigen sich auf \u00dcbereinkommen zur nachhaltigen Waldbewirtschaftung"},"content":{"rendered":"<p><b>Erfolgreicher Abschluss eines internationalen Wald\u00fcbereinkommens beim 7. UN-Waldforum in New York<br \/>&#8220;Mit dem \u00dcbereinkommen &#8220;zur nachhaltigen Bewirtschaftung aller W\u00e4lder der Erde&#8221; gibt es erstmals in der Geschichte der internationalen Forstpolitik eine weltweit verpflichtende Definition nachhaltiger Waldbewirtschaftung.&#8221; freute sich Bundeslandwirtschaftsminister Horst Seehofer. &#8220;Das \u00dcbereinkommen ist ein gro\u00dfer Erfolg \u2013 f\u00fcr die W\u00e4lder der Erde und f\u00fcr die deutsche EU-Ratspr\u00e4sidentschaft.&#8221;<\/b><\/p>\n<p>Das \u00dcbereinkommen &#8220;zur nachhaltigen Bewirtschaftung aller W\u00e4lder der Erde&#8221; enth\u00e4lt eine Zweck- und eine Zielbeschreibung. Es gibt verpflichtende Ma\u00dfnahmen, die sowohl f\u00fcr Entwicklungsl\u00e4nder als auch f\u00fcr entwickelte L\u00e4nder gelten.<\/p>\n<p>15 Jahre nach der Umweltkonferenz von Rio 1992 gelang damit auf der 7. Sitzung des Waldforums (<a href=\"http:\/\/www.un.org\/esa\/forests\" >UNFF<\/a>) der Vereinten Nationen in New York vom 16. bis 27.04.2007 erstmals der Durchbruch zu einem internationalen Wald\u00fcbereinkommen. &#8220;Unser langj\u00e4hriges Engagement im Waldbereich erm\u00f6glichte eine glaubw\u00fcrdige Verhandlungsf\u00fchrung f\u00fcr die EU und eine Br\u00fcckenbildung in alle Richtungen&#8221;, so Seehofer weiter.<\/p>\n<p>Nach mehreren Jahren der L\u00e4hmung verleiht die Unterzeichnung dieses \u00dcbereinkommens der nachhaltigen Bewirtschaftung und Erhaltung der W\u00e4lder weltweit neuen Schub. In den n\u00e4chsten zwei Jahren soll gepr\u00fcft werden, wie die bestehenden internationalen Finanzierungsmechanismen zur Umsetzung des \u00dcbereinkommens bestm\u00f6glich genutzt werden k\u00f6nnen. Des Weiteren wurde ein mehrj\u00e4hriges Arbeitsprogramm f\u00fcr UNFF bis zum Jahr 2015 verabschiedet, das die Umsetzung des \u00dcbereinkommens begleiten soll und dar\u00fcber hinaus aktuelle Schwerpunktthemen (z.B. der Beitrag der W\u00e4lder zur biologischen Vielfalt und zur Klimaerhaltung) aufgreift.<\/p>\n<p>Vorherige Anl\u00e4ufe Mitte und Ende der 1990iger Jahre im Rahmen von Ad-hoc-Waldaussch\u00fcssen der Kommission f\u00fcr nachhaltige Entwicklung (<a href=\"http:\/\/www.un.org\/esa\/sustdev\/csd\/policy.htm\" >CSD<\/a>) konnten sich ersatzweise lediglich auf Empfehlungskataloge zur Waldbewirtschaftung einigen. Diese hatten aber wegen ihres gro\u00dfen Umfangs, ihrer schweren Lesbarkeit und fehlender Zielgerichtetheit kaum Wirkung entfaltet. Die starre Haltung einiger L\u00e4nder f\u00fchrte dann 2005 zum vorl\u00e4ufigen Abbruch der Verhandlungen. Die nun erzielte Einigung wurde nicht zuletzt auch durch eine gut abgestimmte und sehr konstruktive Verhandlungsf\u00fchrung der Gruppe der afrikanischen Staaten, angef\u00fchrt durch Nigeria erm\u00f6glicht.<\/p>\n<p>(Vgl. Meldungen vom <a href=\"https:\/\/renewable-carbon.eu\/news\/waldflaeche-nimmt-weltweit-weiter-ab\/\" >2007-03-14<\/a> und <a href=\"https:\/\/renewable-carbon.eu\/news\/bmbf-frderschwerpunkt-nachhaltige-waldwirtschaft\/\" >2007-03-22<\/a>.)<\/p>\n","protected":false},"excerpt":{"rendered":"<p><b>Erfolgreicher Abschluss eines internationalen Wald&uuml;bereinkommens beim 7. UN-Waldforum in New York<br \/>&#8220;Mit dem &Uuml;bereinkommen &#8220;zur nachhaltigen Bewirtschaftung aller W&auml;lder der Erde&#8221; gibt es erstmals in<\/b><\/p>\n","protected":false},"author":3,"featured_media":0,"comment_status":"closed","ping_status":"closed","sticky":false,"template":"","format":"standard","meta":{"_seopress_robots_primary_cat":"","nova_meta_subtitle":"","footnotes":""},"categories":[5572],"tags":[],"supplier":[],"class_list":["post-10093","post","type-post","status-publish","format-standard","hentry","category-bio-based"],"_links":{"self":[{"href":"https:\/\/renewable-carbon.eu\/news\/wp-json\/wp\/v2\/posts\/10093","targetHints":{"allow":["GET"]}}],"collection":[{"href":"https:\/\/renewable-carbon.eu\/news\/wp-json\/wp\/v2\/posts"}],"about":[{"href":"https:\/\/renewable-carbon.eu\/news\/wp-json\/wp\/v2\/types\/post"}],"author":[{"embeddable":true,"href":"https:\/\/renewable-carbon.eu\/news\/wp-json\/wp\/v2\/users\/3"}],"replies":[{"embeddable":true,"href":"https:\/\/renewable-carbon.eu\/news\/wp-json\/wp\/v2\/comments?post=10093"}],"version-history":[{"count":0,"href":"https:\/\/renewable-carbon.eu\/news\/wp-json\/wp\/v2\/posts\/10093\/revisions"}],"wp:attachment":[{"href":"https:\/\/renewable-carbon.eu\/news\/wp-json\/wp\/v2\/media?parent=10093"}],"wp:term":[{"taxonomy":"category","embeddable":true,"href":"https:\/\/renewable-carbon.eu\/news\/wp-json\/wp\/v2\/categories?post=10093"},{"taxonomy":"post_tag","embeddable":true,"href":"https:\/\/renewable-carbon.eu\/news\/wp-json\/wp\/v2\/tags?post=10093"},{"taxonomy":"supplier","embeddable":true,"href":"https:\/\/renewable-carbon.eu\/news\/wp-json\/wp\/v2\/supplier?post=10093"}],"curies":[{"name":"wp","href":"https:\/\/api.w.org\/{rel}","templated":true}]}}