{"id":10085,"date":"2007-05-06T00:00:00","date_gmt":"2007-05-05T22:00:00","guid":{"rendered":"http:\/\/www.bio-based.eu\/news\/index.php?startid=20070506-03n"},"modified":"2017-10-19T10:02:35","modified_gmt":"2017-10-19T08:02:35","slug":"holzland-informiert-ueber-terrassenhoelzer","status":"publish","type":"post","link":"https:\/\/renewable-carbon.eu\/news\/holzland-informiert-ueber-terrassenhoelzer\/","title":{"rendered":"HolzLand informiert \u00fcber Terrassenh\u00f6lzer"},"content":{"rendered":"<p><b>Die Terrasse ist das Kernthema des Holzhandels im Produktsegment Garten. Hier nimmt gerade der Terrassenboden eine wichtige Stellung ein. Aus diesem Grund hat <a href=\"http:\/\/www.holzland.de\/\">HolzLand<\/a> bereits im vergangenen Jahr f\u00fcr die Saison 2007 mit dem Projekt &#8220;Terrassendielen-Flyer&#8221; mit Dr. Gerald Koch, Dozent am Holzforschungsinstitut in Hamburg, eine Werkstoffbrosch\u00fcre erarbeitet, die sich an die Partnerunternehmen sowie an professionelle Verarbeiter im Bereich Garten- und Landschaftsbau richtet.<\/b><\/p>\n<p><img decoding=\"async\" style=\"margin-right: 10px;\" src=\"https:\/\/renewable-carbon.eu\/news\/wp-content\/uploads\/news-images\/20070506-03\/terrassendielen.jpg\" alt=\"terrassendielen.jpg\" align=\"left\" border=\"0\" \/>Die in Zusammenarbeit mit dem <a href=\"http:\/\/www.bfafh.de\/\">Holzforschungsinstitut<\/a> in Hamburg entstandene 52-seitige Brosch\u00fcre enth\u00e4lt wissenschaftlich abgesicherte Informationen \u00fcber verschiedene Holzarten aus dem Import- aber auch aus dem europ\u00e4ischen Bereich, sowie auch Daten \u00fcber neue Produkte wie WPC und Thermoh\u00f6lzer. Sie stellt auf diese Weise erstmalig die wesentlichen Produkteigenschaften von \u00fcber 30 Bodenholzvarianten in einer auf die Praxis des Holzhandels abgestimmten \u00dcbersicht zusammen und ist in dieser Form ein v\u00f6llig neues Nachschlagewerk im Holzhandel.<\/p>\n<p>(Vgl. Meldungen vom <a href=\"https:\/\/renewable-carbon.eu\/news\/nova-buchbesprechung-informationsheft-holzspektrum\/\">2007-03-08<\/a>, <a href=\"https:\/\/renewable-carbon.eu\/news\/praktiker-baumaerkte-abgemahnt-korrekte-kennzeichnung-von-wpc-wood-plastic-composite-verlangt\/\">2006-08-08<\/a> und <a href=\"https:\/\/renewable-carbon.eu\/news\/nova-kongress-zweiter-deutscher-wpc-kongress-vom-04-05-12-2007-kln\/\">2007-01-23<\/a>.)<\/p>\n","protected":false},"excerpt":{"rendered":"<p><b>Die Terrasse ist das Kernthema des Holzhandels im Produktsegment Garten. Hier nimmt gerade der Terrassenboden eine wichtige Stellung ein. Aus diesem Grund hat HolzLand bereits<\/b><\/p>\n","protected":false},"author":3,"featured_media":0,"comment_status":"closed","ping_status":"closed","sticky":false,"template":"","format":"standard","meta":{"_seopress_robots_primary_cat":"","nova_meta_subtitle":"","footnotes":""},"categories":[5572],"tags":[],"supplier":[],"class_list":["post-10085","post","type-post","status-publish","format-standard","hentry","category-bio-based"],"_links":{"self":[{"href":"https:\/\/renewable-carbon.eu\/news\/wp-json\/wp\/v2\/posts\/10085","targetHints":{"allow":["GET"]}}],"collection":[{"href":"https:\/\/renewable-carbon.eu\/news\/wp-json\/wp\/v2\/posts"}],"about":[{"href":"https:\/\/renewable-carbon.eu\/news\/wp-json\/wp\/v2\/types\/post"}],"author":[{"embeddable":true,"href":"https:\/\/renewable-carbon.eu\/news\/wp-json\/wp\/v2\/users\/3"}],"replies":[{"embeddable":true,"href":"https:\/\/renewable-carbon.eu\/news\/wp-json\/wp\/v2\/comments?post=10085"}],"version-history":[{"count":0,"href":"https:\/\/renewable-carbon.eu\/news\/wp-json\/wp\/v2\/posts\/10085\/revisions"}],"wp:attachment":[{"href":"https:\/\/renewable-carbon.eu\/news\/wp-json\/wp\/v2\/media?parent=10085"}],"wp:term":[{"taxonomy":"category","embeddable":true,"href":"https:\/\/renewable-carbon.eu\/news\/wp-json\/wp\/v2\/categories?post=10085"},{"taxonomy":"post_tag","embeddable":true,"href":"https:\/\/renewable-carbon.eu\/news\/wp-json\/wp\/v2\/tags?post=10085"},{"taxonomy":"supplier","embeddable":true,"href":"https:\/\/renewable-carbon.eu\/news\/wp-json\/wp\/v2\/supplier?post=10085"}],"curies":[{"name":"wp","href":"https:\/\/api.w.org\/{rel}","templated":true}]}}