{"id":10071,"date":"2007-05-10T00:00:00","date_gmt":"2007-05-09T22:00:00","guid":{"rendered":"http:\/\/www.bio-based.eu\/news\/index.php?startid=20070510-08n"},"modified":"2007-05-10T00:00:00","modified_gmt":"2007-05-09T22:00:00","slug":"einteiliger-naturfasertraeger-bei-bmw-tuerverkleidung","status":"publish","type":"post","link":"https:\/\/renewable-carbon.eu\/news\/einteiliger-naturfasertraeger-bei-bmw-tuerverkleidung\/","title":{"rendered":"Einteiliger Naturfasertr\u00e4ger bei BMW-T\u00fcrverkleidung"},"content":{"rendered":"<p><img SRC=\"https:\/\/renewable-carbon.eu\/news\/wp-content\/uploads\/news-images\/20070510-08\/070510-BMW5_door.jpg\" align=\"left\" style=\"margin-right:10px;\" BORDER=\"0\" ALT=\"5er BMW: T\u00fcre\"\/><b>Auch zweifarbige Bauteile im Innenraum von Autos k\u00f6nnen nun mit einteiligen Tr\u00e4gern aus Naturfasern gebaut werden, berichtet der Automobilzulieferer <a href=\"http:\/\/www.johnsoncontrols.com\/\" >Johnson Controls<\/a>.<\/b><\/p>\n<p>Erstmalig habe das Unternehmen bei der T\u00fcrverkleidung der neuen <a href=\"http:\/\/www.bmw.de\/\" >BMW<\/a> 5er Reihe den einteiligen Aufbau der Tr\u00e4ger aus Naturfasern beibehalten und mit einer zweifarbigen Kunststofffolie kaschiert, so Achim Hosenfeld, Vice President and General Manager bei Johnson Controls. Anlagen- und werkzeugtechnische Neuerungen in der Produktion sollen daf\u00fcr sorgen, dass sich die Farbtrennlinien jederzeit im Toleranzbereich bewegen. <\/p>\n<p>Bislang wurden zweifarbige Bauteile f\u00fcr den automobilen Innenraums nach Angaben des   Fahrzeugausstatters mehrteilig produziert und anschlie\u00dfend miteinander verbunden. Daraus k\u00f6nnen sich zum Teil sichtbare Trennstellen und Abweichungen von strikten Gewichtsvorgaben ergeben. <\/p>\n<p>Die Pressemeldung der Johnson Controls GmbH k\u00f6nnen Sie <a href=\"https:\/\/renewable-carbon.eu\/news\/wp-content\/uploads\/news-images\/20070510-08\/070510-bmw-5er.pdf\" >hier<\/a> (PDF-Dokument) herunterladen.<\/p>\n<p>(Vgl. Meldungen vom <a href=\"https:\/\/renewable-carbon.eu\/news\/johnson-controls-unveils-vehicle-seats-with-soy-based-pads\/\" >2007-02-23<\/a> und <a href=\"https:\/\/renewable-carbon.eu\/news\/datensammlung-formpressen-und-spritzgieen-mit-naturfasern-in-vorbereitung\/\" >2006-08-25<\/a>.)<\/p>\n<p><b>Kontakt<\/b><br \/>Johnson Controls GmbH <br \/>Industriestra\u00dfe 20\u201330<br \/>51399 Burscheid<br \/>Tel.: (02174)65-4343 Fax: -3219<br \/>E-Mail: <a href=\"http:\/\/ina.longwitz@jci.com\/\" >ina.longwitz@jci.com<\/a><\/p>\n","protected":false},"excerpt":{"rendered":"<p><b>Auch zweifarbige Bauteile im Innenraum von Autos k&ouml;nnen nun mit einteiligen Tr&auml;gern aus Naturfasern gebaut werden, berichtet der Automobilzulieferer Johnson Controls.<\/b><\/p>\n<p>Erstmalig habe das<\/p>\n","protected":false},"author":3,"featured_media":0,"comment_status":"closed","ping_status":"closed","sticky":false,"template":"","format":"standard","meta":{"_seopress_robots_primary_cat":"","nova_meta_subtitle":"","footnotes":""},"categories":[5572],"tags":[],"supplier":[],"class_list":["post-10071","post","type-post","status-publish","format-standard","hentry","category-bio-based"],"_links":{"self":[{"href":"https:\/\/renewable-carbon.eu\/news\/wp-json\/wp\/v2\/posts\/10071","targetHints":{"allow":["GET"]}}],"collection":[{"href":"https:\/\/renewable-carbon.eu\/news\/wp-json\/wp\/v2\/posts"}],"about":[{"href":"https:\/\/renewable-carbon.eu\/news\/wp-json\/wp\/v2\/types\/post"}],"author":[{"embeddable":true,"href":"https:\/\/renewable-carbon.eu\/news\/wp-json\/wp\/v2\/users\/3"}],"replies":[{"embeddable":true,"href":"https:\/\/renewable-carbon.eu\/news\/wp-json\/wp\/v2\/comments?post=10071"}],"version-history":[{"count":0,"href":"https:\/\/renewable-carbon.eu\/news\/wp-json\/wp\/v2\/posts\/10071\/revisions"}],"wp:attachment":[{"href":"https:\/\/renewable-carbon.eu\/news\/wp-json\/wp\/v2\/media?parent=10071"}],"wp:term":[{"taxonomy":"category","embeddable":true,"href":"https:\/\/renewable-carbon.eu\/news\/wp-json\/wp\/v2\/categories?post=10071"},{"taxonomy":"post_tag","embeddable":true,"href":"https:\/\/renewable-carbon.eu\/news\/wp-json\/wp\/v2\/tags?post=10071"},{"taxonomy":"supplier","embeddable":true,"href":"https:\/\/renewable-carbon.eu\/news\/wp-json\/wp\/v2\/supplier?post=10071"}],"curies":[{"name":"wp","href":"https:\/\/api.w.org\/{rel}","templated":true}]}}