{"id":10043,"date":"2007-05-23T00:00:00","date_gmt":"2007-05-22T22:00:00","guid":{"rendered":"http:\/\/www.bio-based.eu\/news\/index.php?startid=20070523-03n"},"modified":"2007-05-23T00:00:00","modified_gmt":"2007-05-22T22:00:00","slug":"marokko-foerdert-erneuerbare-energien-nach-deutschem-vorbild","status":"publish","type":"post","link":"https:\/\/renewable-carbon.eu\/news\/marokko-foerdert-erneuerbare-energien-nach-deutschem-vorbild\/","title":{"rendered":"Marokko f\u00f6rdert erneuerbare Energien nach deutschem Vorbild"},"content":{"rendered":"<p><b>Als erstes arabisches Land verabschiedet Marokko in dieser Woche ein Gesetz zur F\u00f6rderung Erneuerbarer Energien. Die Regelung orientiert sich am deutschen Erneuerbare-Energien-Gesetz (EEG) und soll im Juli in Kraft treten.<\/b><\/p>\n<p>Ziel des Gesetzes ist es, den Anteil Erneuerbarer Energien am Gesamtenergieverbrauch von zwei auf zehn Prozent bis zum Jahr 2010 zu erh\u00f6hen. Dank der hervorragenden Windverh\u00e4ltnisse in den K\u00fcstenregionen und der hohen Sonneneinstrahlung baut Marokko vor allem auf Wind- und Solarenergie. Langfristig will das Land Strom nach Europa exportieren.<\/p>\n<p>Marokkos ehrgeizige Ausbauziele sind eine Chance f\u00fcr die deutsche Erneuerbare-Energien-Industrie. Bereits im Jahr 2006 haben deutsche Anlagenhersteller und Zulieferer durch Lieferungen ins Ausland einen Umsatz von rund 6 Milliarden Euro erwirtschaftet. Dieser Betrag wird nach Branchensch\u00e4tzungen bis 2012 auf knapp 16 Milliarden steigen. <\/p>\n<p>&#8220;Deutsche Unternehmen verdanken ihre weltweite Technologief\u00fchrerschaft der gesetzlichen F\u00f6rderung durch das Erneuerbare-Energien-Gesetz. Der Export Erneuerbarer-Energie- Technik sichert inzwischen tausende Arbeitspl\u00e4tze in Deutschland&#8221;, betonte Milan Nitzschke, Gesch\u00e4ftsf\u00fchrer des Bundesverbands Erneuerbare Energie (<a href=\"http:\/\/www.bee-ev.de\/\" >BEE<\/a>).<\/p>\n<p>Marokko bietet ausl\u00e4ndischen Unternehmen mit der geplanten F\u00f6rderung Erneuerbarer Energien neue Investitions- und Kooperationsm\u00f6glichkeiten. Bereits im Fr\u00fchjahr 2006 haben etwa 50 interessierte Firmen aus Deutschland an einer Konferenz in Rabat teilgenommen. In der Folge unterst\u00fctzen deutsche Unternehmen und Forschungsinstitute Marokko beim Ausbau Erneuerbarer Energien mit dem notwendigen technologischen Know-how.<\/p>\n<p>(Vgl. Nachricht vom <a href=\"https:\/\/renewable-carbon.eu\/news\/eeg-ab-august-in-kraft\/\" >2004-07-12<\/a>.)<\/p>\n","protected":false},"excerpt":{"rendered":"<p><b>Als erstes arabisches Land verabschiedet Marokko in dieser Woche ein Gesetz zur F&ouml;rderung Erneuerbarer Energien. Die Regelung orientiert sich am deutschen Erneuerbare-Energien-Gesetz (EEG) und soll<\/b><\/p>\n","protected":false},"author":3,"featured_media":0,"comment_status":"closed","ping_status":"closed","sticky":false,"template":"","format":"standard","meta":{"_seopress_robots_primary_cat":"","nova_meta_subtitle":"","footnotes":""},"categories":[5572],"tags":[],"supplier":[],"class_list":["post-10043","post","type-post","status-publish","format-standard","hentry","category-bio-based"],"_links":{"self":[{"href":"https:\/\/renewable-carbon.eu\/news\/wp-json\/wp\/v2\/posts\/10043","targetHints":{"allow":["GET"]}}],"collection":[{"href":"https:\/\/renewable-carbon.eu\/news\/wp-json\/wp\/v2\/posts"}],"about":[{"href":"https:\/\/renewable-carbon.eu\/news\/wp-json\/wp\/v2\/types\/post"}],"author":[{"embeddable":true,"href":"https:\/\/renewable-carbon.eu\/news\/wp-json\/wp\/v2\/users\/3"}],"replies":[{"embeddable":true,"href":"https:\/\/renewable-carbon.eu\/news\/wp-json\/wp\/v2\/comments?post=10043"}],"version-history":[{"count":0,"href":"https:\/\/renewable-carbon.eu\/news\/wp-json\/wp\/v2\/posts\/10043\/revisions"}],"wp:attachment":[{"href":"https:\/\/renewable-carbon.eu\/news\/wp-json\/wp\/v2\/media?parent=10043"}],"wp:term":[{"taxonomy":"category","embeddable":true,"href":"https:\/\/renewable-carbon.eu\/news\/wp-json\/wp\/v2\/categories?post=10043"},{"taxonomy":"post_tag","embeddable":true,"href":"https:\/\/renewable-carbon.eu\/news\/wp-json\/wp\/v2\/tags?post=10043"},{"taxonomy":"supplier","embeddable":true,"href":"https:\/\/renewable-carbon.eu\/news\/wp-json\/wp\/v2\/supplier?post=10043"}],"curies":[{"name":"wp","href":"https:\/\/api.w.org\/{rel}","templated":true}]}}