{"id":10006,"date":"2007-03-21T00:00:00","date_gmt":"2007-03-20T22:00:00","guid":{"rendered":"http:\/\/www.bio-based.eu\/news\/index.php?startid=20070321-02n"},"modified":"2007-03-21T00:00:00","modified_gmt":"2007-03-20T22:00:00","slug":"klimaschutz-und-erneuerbare-energien-fuer-die-schule","status":"publish","type":"post","link":"https:\/\/renewable-carbon.eu\/news\/klimaschutz-und-erneuerbare-energien-fuer-die-schule\/","title":{"rendered":"Klimaschutz und erneuerbare Energien f\u00fcr die Schule"},"content":{"rendered":"<p><b>Klimaschutz und erneuerbare Energien sind Themen, die uns derzeit fast t\u00e4glich in den Medien begegnen. Energieverbrauch und Klimawandel sind miteinander verkn\u00fcpft. Vorschl\u00e4ge, wie Energie gespart werden kann, gibt es zur Gen\u00fcge. Doch was wissen eigentlich Kinder und Jugendliche dar\u00fcber? Sind sie daran \u00fcberhaupt interessiert oder liegt das Thema jenseits ihrer Wahrnehmung?<\/b><\/p>\n<p>Im Internetportal <a href=\"http:\/\/www.aid-macht-schule.de\/\" >www.aid-macht-schule.de<\/a> gibt es Anregungen f\u00fcr Lehrer, wie Sch\u00fcler f\u00fcr dieses Thema sensibilisiert und begeistert werden k\u00f6nnen. Die verschiedenen erneuerbaren Energien aus Sonne, Wind und nachwachsenden Rohstoffen werden vorgestellt. Au\u00dferdem wird ihr Einfluss auf den Klimawandel diskutiert.<\/p>\n","protected":false},"excerpt":{"rendered":"<p><b>Klimaschutz und erneuerbare Energien sind Themen, die uns derzeit fast t&auml;glich in den Medien begegnen. Energieverbrauch und Klimawandel sind miteinander verkn&uuml;pft. Vorschl&auml;ge, wie Energie gespart<\/b><\/p>\n","protected":false},"author":3,"featured_media":0,"comment_status":"closed","ping_status":"closed","sticky":false,"template":"","format":"standard","meta":{"_seopress_robots_primary_cat":"","nova_meta_subtitle":"","footnotes":""},"categories":[5572],"tags":[],"supplier":[],"class_list":["post-10006","post","type-post","status-publish","format-standard","hentry","category-bio-based"],"_links":{"self":[{"href":"https:\/\/renewable-carbon.eu\/news\/wp-json\/wp\/v2\/posts\/10006","targetHints":{"allow":["GET"]}}],"collection":[{"href":"https:\/\/renewable-carbon.eu\/news\/wp-json\/wp\/v2\/posts"}],"about":[{"href":"https:\/\/renewable-carbon.eu\/news\/wp-json\/wp\/v2\/types\/post"}],"author":[{"embeddable":true,"href":"https:\/\/renewable-carbon.eu\/news\/wp-json\/wp\/v2\/users\/3"}],"replies":[{"embeddable":true,"href":"https:\/\/renewable-carbon.eu\/news\/wp-json\/wp\/v2\/comments?post=10006"}],"version-history":[{"count":0,"href":"https:\/\/renewable-carbon.eu\/news\/wp-json\/wp\/v2\/posts\/10006\/revisions"}],"wp:attachment":[{"href":"https:\/\/renewable-carbon.eu\/news\/wp-json\/wp\/v2\/media?parent=10006"}],"wp:term":[{"taxonomy":"category","embeddable":true,"href":"https:\/\/renewable-carbon.eu\/news\/wp-json\/wp\/v2\/categories?post=10006"},{"taxonomy":"post_tag","embeddable":true,"href":"https:\/\/renewable-carbon.eu\/news\/wp-json\/wp\/v2\/tags?post=10006"},{"taxonomy":"supplier","embeddable":true,"href":"https:\/\/renewable-carbon.eu\/news\/wp-json\/wp\/v2\/supplier?post=10006"}],"curies":[{"name":"wp","href":"https:\/\/api.w.org\/{rel}","templated":true}]}}